{"id":1701,"date":"2014-05-06T15:01:50","date_gmt":"2014-05-06T15:01:50","guid":{"rendered":"http:\/\/www.heinehaus.de\/?p=1701"},"modified":"2016-05-19T14:15:55","modified_gmt":"2016-05-19T14:15:55","slug":"poesie-fest-2014_1","status":"publish","type":"post","link":"https:\/\/www.heinehaus.de\/index.php\/2014\/05\/06\/poesie-fest-2014_1\/","title":{"rendered":"Poesie \u2013 Ein Fest im Heine Haus"},"content":{"rendered":"<p><strong>Poesie \u2013 Ein Fest im Heine Haus<\/strong><br \/>\n<strong>Di. 03.06.2014, 19:00 Uhr<\/strong><br \/>\n<strong>Durs Gr\u00fcnbein: Cyrano oder Die R\u00fcckkehr vom Mond. <\/strong><br \/>\n<strong>Oswald Egger: Roba di Roma.<\/strong><\/p>\n<p>Gemeinsam mit den Dichtern <strong>Durs Gr\u00fcnbein<\/strong> und dem derzeitigen Stipendiat der Villa Massimo in Rom <strong>Oswald Egger<\/strong> feiern wir das Poesiefest 2014 und das 25-j\u00e4hrige Jubil\u00e4um der Literaturbuchhandlung M\u00fcller\u2009&amp;\u2009B\u00f6hm. Durs Gr\u00fcnbein hat mit seiner Schrift<em> Nachts in der Schatzkammer<\/em> bereits eine Hymne auf die Buchhandlung verfasst. Wir freuen uns, mit Ihnen sowohl das Jubil\u00e4um der Buchhandlung als auch den Auftakt des Poesiefestes 2014 zusammen zu feiern! Als \u00dcberaschungsgast kommt<strong><em> Cees Nooteboom <\/em><\/strong>mit seinem Gedichtband &#8222;Licht \u00fcberall&#8220;<strong><em>.<\/em><\/strong><\/p>\n<p><em>Gru\u00dfwort: <em>Hans-Georg Lohe, Kulturdezernent der Stadt D\u00fcsseldorf<\/em> und<br \/>\nHans-Heinrich Grosse-Brockhoff\u00a0 <\/em><em>(Staatssekret\u00e4r f\u00fcr Kultur des Landes NRW, a.D.)<\/em><br \/>\n<em>Moderation: Dr. Christiane Hoffmans (Welt am Sonntag) und<\/em><br \/>\n<em>Dr. David Eisermann (WDR)<\/em><\/p>\n<p><em>Veranstalter: Verein zur F\u00f6rderung des Heinrich-Heine-Geburtshauses e.V., M\u00fcller &amp; B\u00f6hm Literaturhandlung.<br \/>\n<em>Das Poesiefest 2014 wird gef\u00f6rdert vom Ministerium f\u00fcr Familie, Kinder, Jugend, Kultur und Sport des Landes Nordrhein-Westfalen<\/em><\/em><\/p>\n<p><em><strong>Ort: Heine Haus, Bolkerstr. 53, 40213 D\u00fcsseldorf.<\/strong><\/em><em><br \/>\n<\/em>Eintritt: EUR 8,\u2013\/6,\u2013 (erm.)<\/p>\n<p><a href=\"https:\/\/www.heinehaus.de\/wp-content\/uploads\/2009\/12\/linie.jpg\"><img decoding=\"async\" loading=\"lazy\" class=\"alignleft wp-image-75 size-full\" src=\"https:\/\/www.heinehaus.de\/wp-content\/uploads\/2009\/12\/linie.jpg\" alt=\"linie\" width=\"420\" height=\"57\" srcset=\"https:\/\/www.heinehaus.de\/wp-content\/uploads\/2009\/12\/linie.jpg 420w, https:\/\/www.heinehaus.de\/wp-content\/uploads\/2009\/12\/linie-300x40.jpg 300w\" sizes=\"(max-width: 420px) 100vw, 420px\" \/><\/a><\/p>\n<p><strong><\/p>\n<p>Poesie \u2013 Ein Fest im Heine Haus<\/strong><br \/>\n<strong>Mi. 04.06.2014, Mi. 19:30 Uhr<\/strong><br \/>\n<strong>Michael Kr\u00fcger. Umstellung der Zeit. Gedichte. (Suhrkamp Verlag) <\/strong><br \/>\n<strong>Michael K\u00f6hlmeier. Der Liebhaber bald nach dem Fr\u00fchst\u00fcck.<\/strong><br \/>\n<strong>(Hanser Verlag. Edition Lyrik Kabinett)<\/strong><\/p>\n<p><em>\u201eDer gro\u00dfe Verleger Michael Kr\u00fcger h\u00f6rt zum Jahresende bei Hanser auf. Vorher schenkt er uns <\/em>Umstellung der Zeit<em>, einen Band mit wunderbaren Gedankengedichten.\u201d (FAZ 7.\u2009Dez.\u20092013)<\/em> Die poetisch-lyrischen Naturreflexionen ergeben ein immer wieder fl\u00fcchtiges Bild unserer Welt, es ist eine Mischung aus Staunen und Reflexionen.<br \/>\nDer Romancier Michael K\u00f6hlmeier hat mit seinen Gedichten die Ambivalenzen der Wirklichkeit eingefangen: das Reale und das Metaphysische, das gro\u00dfe Ganze und das allt\u00e4gliche Kleine, das Wesentliche und das Unwesentliche.<br \/>\n<em>\u201eWie kaum ein anderer versteht er es, die Dinge des Lebens zu schildern, ohne dabei je pathetisch oder sentimental zu werden.\u201c (FAZ)<\/em><br \/>\n<em><br \/>\nModeration: Rudolf M\u00fcller<\/em><\/p>\n<p><em>Veranstalter: Verein zur F\u00f6rderung des Heinrich-Heine-Geburtshauses e.V., M\u00fcller &amp; B\u00f6hm Literaturhandlung.<br \/>\n<em>Das Poesiefest 2014 wird gef\u00f6rdert vom Ministerium f\u00fcr Familie, Kinder, Jugend, Kultur und Sport des Landes Nordrhein-Westfalen<\/em><br \/>\n<\/em><\/p>\n<p><em><strong>Ort: Heine Haus, Bolkerstr. 53, 40213 D\u00fcsseldorf.<\/strong><\/em><em><br \/>\n<\/em>Eintritt: EUR 8,\u2013\/6,\u2013 (erm.)<\/p>\n","protected":false},"excerpt":{"rendered":"<p>Poesie \u2013 Ein Fest im Heine Haus Di. 03.06.2014, 19:00 Uhr Durs Gr\u00fcnbein: Cyrano oder Die R\u00fcckkehr vom Mond. Oswald Egger: Roba di Roma. Gemeinsam mit den Dichtern Durs Gr\u00fcnbein und dem derzeitigen Stipendiat der Villa Massimo in Rom Oswald Egger feiern wir das Poesiefest 2014 und das 25-j\u00e4hrige Jubil\u00e4um der Literaturbuchhandlung M\u00fcller\u2009&amp;\u2009B\u00f6hm. Durs Gr\u00fcnbein hat mit seiner Schrift Nachts in der Schatzkammer bereits eine Hymne auf die Buchhandlung verfasst. Wir freuen uns, mit Ihnen sowohl das Jubil\u00e4um der Buchhandlung als auch den Auftakt des Poesiefestes 2014 zusammen zu feiern! Als \u00dcberaschungsgast kommt Cees Nooteboom mit seinem Gedichtband &#8222;Licht \u00fcberall&#8220;. Gru\u00dfwort: Hans-Georg Lohe, Kulturdezernent der Stadt D\u00fcsseldorf und Hans-Heinrich Grosse-Brockhoff\u00a0 (Staatssekret\u00e4r f\u00fcr Kultur des Landes NRW, a.D.) Moderation: Dr. Christiane&#8230;<\/p>\n","protected":false},"author":1,"featured_media":0,"comment_status":"closed","ping_status":"closed","sticky":false,"template":"","format":"standard","meta":[],"categories":[3],"tags":[],"_links":{"self":[{"href":"https:\/\/www.heinehaus.de\/index.php\/wp-json\/wp\/v2\/posts\/1701"}],"collection":[{"href":"https:\/\/www.heinehaus.de\/index.php\/wp-json\/wp\/v2\/posts"}],"about":[{"href":"https:\/\/www.heinehaus.de\/index.php\/wp-json\/wp\/v2\/types\/post"}],"author":[{"embeddable":true,"href":"https:\/\/www.heinehaus.de\/index.php\/wp-json\/wp\/v2\/users\/1"}],"replies":[{"embeddable":true,"href":"https:\/\/www.heinehaus.de\/index.php\/wp-json\/wp\/v2\/comments?post=1701"}],"version-history":[{"count":11,"href":"https:\/\/www.heinehaus.de\/index.php\/wp-json\/wp\/v2\/posts\/1701\/revisions"}],"predecessor-version":[{"id":2830,"href":"https:\/\/www.heinehaus.de\/index.php\/wp-json\/wp\/v2\/posts\/1701\/revisions\/2830"}],"wp:attachment":[{"href":"https:\/\/www.heinehaus.de\/index.php\/wp-json\/wp\/v2\/media?parent=1701"}],"wp:term":[{"taxonomy":"category","embeddable":true,"href":"https:\/\/www.heinehaus.de\/index.php\/wp-json\/wp\/v2\/categories?post=1701"},{"taxonomy":"post_tag","embeddable":true,"href":"https:\/\/www.heinehaus.de\/index.php\/wp-json\/wp\/v2\/tags?post=1701"}],"curies":[{"name":"wp","href":"https:\/\/api.w.org\/{rel}","templated":true}]}}