{"id":2612,"date":"2016-04-11T08:26:53","date_gmt":"2016-04-11T08:26:53","guid":{"rendered":"http:\/\/www.heinehaus.de\/?p=2612"},"modified":"2016-04-11T08:35:12","modified_gmt":"2016-04-11T08:35:12","slug":"ein-abend-fur-peter-kurzeck","status":"publish","type":"post","link":"https:\/\/www.heinehaus.de\/index.php\/2016\/04\/11\/ein-abend-fur-peter-kurzeck\/","title":{"rendered":"Ein Abend f\u00fcr Peter Kurzeck."},"content":{"rendered":"<p><strong>10.06.2016, Fr. 19:30 Uhr<\/strong><br \/>\n<strong>Ein Abend f\u00fcr Peter Kurzeck. <\/strong><br \/>\n<strong>Rudi Deuble \/ Alexander Losse (Hrsg.): Peter Kurzeck. <\/strong><br \/>\n<strong>Bis er kommt. Romanfragment. (Verlag Stroemfeld)<\/strong><br \/>\nLesung und Gespr\u00e4ch in der Reihe <em>Neue Deutsche Literatur.<\/em><\/p>\n<p><img decoding=\"async\" loading=\"lazy\" class=\"alignnone size-large wp-image-2613\" alt=\"PETER_KURZECK\" src=\"https:\/\/www.heinehaus.de\/wp-content\/uploads\/2016\/04\/PETER_KURZECK-469x600.jpg\" width=\"469\" height=\"600\" srcset=\"https:\/\/www.heinehaus.de\/wp-content\/uploads\/2016\/04\/PETER_KURZECK-469x600.jpg 469w, https:\/\/www.heinehaus.de\/wp-content\/uploads\/2016\/04\/PETER_KURZECK-234x300.jpg 234w\" sizes=\"(max-width: 469px) 100vw, 469px\" \/><\/p>\n<p><em>Foto \u00a9 Dieter Eikelpoth<\/em><\/p>\n<p><em><\/em>Peter Kurzecks monumentales, auf zw\u00f6lf B\u00e4nde hin angelegtes Projekt <em>Das alte Jahrhundert<\/em> bleibt unvollendet. Der Schriftsteller starb 2013 w\u00e4hrend der Arbeiten an dem Roman <em>Bis er kommt<\/em>, der als sechster Teil der Chronik vorgesehen war. Rudi Deuble und Alexander Losse haben das Manuskript aus Kurzecks Nachlass herausgegeben und stellen das Fragment am 73. Geburtstag des Autors im Heine Haus vor.<br \/>\n<em>\u201ePeter Kurzeck war ein Chronist, ein Zauberer und ein gro\u00dfer Autor unserer Gegenwart. In seiner Literatur \u00f6ffnen sich Raum und Zeit auf wundersamste Weise.\u201d (Die Zeit)<\/em><br \/>\n<em><br \/>\nModeration: Philipp Holstein (Kulturredaktion Rheinische Post)<\/em><\/p>\n<p>Veranstalter: Verein zur F\u00f6rderung des Heinrich-Heine-Geburtshauses e.V., M\u00fcller &amp; B\u00f6hm Literaturhandlung\u00a0 in Kooperation mit dem Stroemfeld Verlag<\/p>\n<p><strong>Ort: Heine Haus, Bolkerstr. 53, 40213 D\u00fcsseldorf.<\/strong><br \/>\n<em>Eintritt: EUR 8,\u2013\/6,\u2013 (erm.)<\/em><\/p>\n","protected":false},"excerpt":{"rendered":"<p>10.06.2016, Fr. 19:30 Uhr Ein Abend f\u00fcr Peter Kurzeck. Rudi Deuble \/ Alexander Losse (Hrsg.): Peter Kurzeck. Bis er kommt. Romanfragment. (Verlag Stroemfeld) Lesung und Gespr\u00e4ch in der Reihe Neue Deutsche Literatur. Foto \u00a9 Dieter Eikelpoth Peter Kurzecks monumentales, auf zw\u00f6lf B\u00e4nde hin angelegtes Projekt Das alte Jahrhundert bleibt unvollendet. Der Schriftsteller starb 2013 w\u00e4hrend der Arbeiten an dem Roman Bis er kommt, der als sechster Teil der Chronik vorgesehen war. Rudi Deuble und Alexander Losse haben das Manuskript aus Kurzecks Nachlass herausgegeben und stellen das Fragment am 73. Geburtstag des Autors im Heine Haus vor. \u201ePeter Kurzeck war ein Chronist, ein Zauberer und ein gro\u00dfer Autor unserer Gegenwart. In seiner Literatur \u00f6ffnen sich Raum und Zeit auf wundersamste Weise.\u201d&#8230;<\/p>\n","protected":false},"author":1,"featured_media":0,"comment_status":"closed","ping_status":"open","sticky":false,"template":"","format":"standard","meta":[],"categories":[3],"tags":[],"_links":{"self":[{"href":"https:\/\/www.heinehaus.de\/index.php\/wp-json\/wp\/v2\/posts\/2612"}],"collection":[{"href":"https:\/\/www.heinehaus.de\/index.php\/wp-json\/wp\/v2\/posts"}],"about":[{"href":"https:\/\/www.heinehaus.de\/index.php\/wp-json\/wp\/v2\/types\/post"}],"author":[{"embeddable":true,"href":"https:\/\/www.heinehaus.de\/index.php\/wp-json\/wp\/v2\/users\/1"}],"replies":[{"embeddable":true,"href":"https:\/\/www.heinehaus.de\/index.php\/wp-json\/wp\/v2\/comments?post=2612"}],"version-history":[{"count":5,"href":"https:\/\/www.heinehaus.de\/index.php\/wp-json\/wp\/v2\/posts\/2612\/revisions"}],"predecessor-version":[{"id":2670,"href":"https:\/\/www.heinehaus.de\/index.php\/wp-json\/wp\/v2\/posts\/2612\/revisions\/2670"}],"wp:attachment":[{"href":"https:\/\/www.heinehaus.de\/index.php\/wp-json\/wp\/v2\/media?parent=2612"}],"wp:term":[{"taxonomy":"category","embeddable":true,"href":"https:\/\/www.heinehaus.de\/index.php\/wp-json\/wp\/v2\/categories?post=2612"},{"taxonomy":"post_tag","embeddable":true,"href":"https:\/\/www.heinehaus.de\/index.php\/wp-json\/wp\/v2\/tags?post=2612"}],"curies":[{"name":"wp","href":"https:\/\/api.w.org\/{rel}","templated":true}]}}