{"id":2852,"date":"2016-07-04T13:16:41","date_gmt":"2016-07-04T13:16:41","guid":{"rendered":"http:\/\/www.heinehaus.de\/?p=2852"},"modified":"2016-07-06T08:16:13","modified_gmt":"2016-07-06T08:16:13","slug":"poesie-ein-fest-im-heine-haus-3","status":"publish","type":"post","link":"https:\/\/www.heinehaus.de\/index.php\/2016\/07\/04\/poesie-ein-fest-im-heine-haus-3\/","title":{"rendered":"Poesie &#8211; ein Fest im Heine Haus"},"content":{"rendered":"<p><em>Unsinnspoesie ist Poesie, die sich scheinbar ohne erkennbaren Sinn dem Spiel und Klang der Worte hingibt. Sie ist nicht an Epochen gebunden, auch wenn die Dadaisten im 20. Jh. erhebliche Impulse gaben.<\/em><\/p>\n<p>Unter dem Motto \u201eUnsinnspoesie in Wort und Musik\u201c steht in diesem Jahr unsere inzwischen traditionsreiche Veranstaltungsreihe \u201ePoesie \u2013 Ein Fest im Heine Haus\u201c von Samstag, den 9. Juli (Kinderpoesiefest mit<strong> Rotraut Susanne Berner<\/strong>) bis Montag, den 11. Juli (Autorenlesung mit <strong>Alfred Brendel und Michael Kr\u00fcger<\/strong>).<\/p>\n<p><img decoding=\"async\" loading=\"lazy\" class=\"size-full wp-image-75 alignnone\" src=\"https:\/\/www.heinehaus.de\/wp-content\/uploads\/2009\/12\/linie.jpg\" alt=\"linie\" width=\"420\" height=\"57\" srcset=\"https:\/\/www.heinehaus.de\/wp-content\/uploads\/2009\/12\/linie.jpg 420w, https:\/\/www.heinehaus.de\/wp-content\/uploads\/2009\/12\/linie-300x40.jpg 300w\" sizes=\"(max-width: 420px) 100vw, 420px\" \/><strong><br \/>\nSa. 9.7.16, 14 Uhr<\/strong><br \/>\n<strong>Kinderpoesiefest<\/strong><br \/>\n<strong>Programm: R. S. Berner und Christine Kn\u00f6dler<\/strong><br \/>\n<strong>Ort: Deutsche Oper am Rhein<\/strong><\/p>\n<h6><strong> <img decoding=\"async\" loading=\"lazy\" class=\" wp-image-2905 alignnone\" src=\"https:\/\/www.heinehaus.de\/wp-content\/uploads\/2016\/06\/PoesiefestKindercRSBerner-490x359.jpg\" alt=\"PoesiefestKinder(c)RSBerner\" width=\"427\" height=\"308\" \/><\/strong><br \/>\n\u00a9 R.S.Berner<\/h6>\n<p>Am Samstag, den 9. Juli von 14 bis 16 Uhr wird in der Deutschen Oper am Rhein gebastelt, gemalt und gedichtet. Herzlich eingeladen sind alle Kinder im Alter von 8-12 Jahren, die in die Rolle von Stadttieren schl\u00fcpfen m\u00f6chten.<\/p>\n<p><em><strong>Die Stadttiere sind unter uns!<\/strong><\/em><br \/>\n<em><strong>Mit Masken und Ger\u00e4uschen besetzen sie die Oper,<\/strong><\/em><br \/>\n<em><strong>verfassen ein vielstimmiges Lautgedicht<\/strong><\/em><br \/>\n<em><strong>bei dem alle zu Wort kommen,<\/strong><\/em><br \/>\n<em><strong>und zum Schluss l\u00e4dt der Chor der Tiere noch zu einer kleinen Vorf\u00fchrung ein.<\/strong><\/em><\/p>\n<p>Programm: Rotraut Susanne Berner und Christine Kn\u00f6dler<br \/>\nEs wirken mit: Kinder von 8\u201312 Jahren<br \/>\nWorkshop f\u00fcr Kinder ab 14 Uhr; Einlass f\u00fcr Besucher ab 15:30 Uhr<\/p>\n<p><em>Eintritt: frei, Anmeldung erw\u00fcnscht<\/em><br \/>\n<strong><em>Ort: Deutsche Oper am Rhein<\/em><\/strong><\/p>\n<p><img decoding=\"async\" loading=\"lazy\" class=\"size-full wp-image-75 alignnone\" src=\"https:\/\/www.heinehaus.de\/wp-content\/uploads\/2009\/12\/linie.jpg\" alt=\"linie\" width=\"420\" height=\"57\" srcset=\"https:\/\/www.heinehaus.de\/wp-content\/uploads\/2009\/12\/linie.jpg 420w, https:\/\/www.heinehaus.de\/wp-content\/uploads\/2009\/12\/linie-300x40.jpg 300w\" sizes=\"(max-width: 420px) 100vw, 420px\" \/><strong><br \/>\nSo. 10.7.16, 12 Uhr Matinee<\/strong><br \/>\n<strong> Poesie Deb\u00fct Preisverleihung an Julia Trompeter,<\/strong><br \/>\n<strong> Musikprogramm Opernstudio Deutsche Oper am Rhein<\/strong><br \/>\n<strong> Ort: Heine Haus<\/strong><\/p>\n<p><img decoding=\"async\" loading=\"lazy\" class=\"wp-image-2913 size-thumbnail alignleft\" src=\"https:\/\/www.heinehaus.de\/wp-content\/uploads\/2016\/06\/Trompeter_Julia_\u00a9Peter_Susewind-150x150.jpeg\" alt=\"foto peter susewind\" width=\"150\" height=\"150\" \/><\/p>\n<p>Im Rahmen des Festes wird am Sonntag, 10. Juli um 12 Uhr der erste <strong>D\u00fcsseldorfer PoesieDeb\u00fctPreis<\/strong> an die promovierte Philosophin, Germanistin und Literaturwissenschaftlerin <strong>Julia Trompeter<\/strong> f\u00fcr Ihren Gedichtband <em>Zum Begreifen nah<\/em> verliehen. Der neu gestiftete, dauerhaft vom Heine Haus vergebene Preis zur F\u00f6rderung der Lyrik wird k\u00fcnftig alle zwei Jahre im Rahmen von \u201ePoesie \u2013 ein Fest im Heine Haus\u201c an herausragende deutschsprachige Deb\u00fcts nationaler oder internationaler Lyriker\/Innen verliehen. Die Laudatio spricht <strong>Hubert Spiegel<\/strong> (FAZ).<\/p>\n<p>Dabei sind auch das Opernstudio der Deutschen Oper am Rhein, es singen<strong> Eva Bodorov\u00e1<\/strong> (Sopran) und <strong>Roman Hoza<\/strong> (Bariton), sowie der Schauspieler <strong>Rudolf Kowalski<\/strong> und <strong>Rudolf M\u00fcller<\/strong> (Heine Haus), die die korrespondierende Lesung, u.a. mit Texten von Morgenstern, Schwitters und Ror Wolf, bestreiten.<\/p>\n<p><em>Eintritt: EUR 8,\u2013\/6,\u2013 (erm.)<\/em><br \/>\n<strong><em> Ort: Heine Haus<\/em><\/strong><\/p>\n<p><img decoding=\"async\" loading=\"lazy\" class=\"size-full wp-image-75 alignnone\" src=\"https:\/\/www.heinehaus.de\/wp-content\/uploads\/2009\/12\/linie.jpg\" alt=\"linie\" width=\"420\" height=\"57\" srcset=\"https:\/\/www.heinehaus.de\/wp-content\/uploads\/2009\/12\/linie.jpg 420w, https:\/\/www.heinehaus.de\/wp-content\/uploads\/2009\/12\/linie-300x40.jpg 300w\" sizes=\"(max-width: 420px) 100vw, 420px\" \/><strong><br \/>\nMo. 11.7.2016, 19.30 Uhr<\/strong><br \/>\n<strong> Lesung Alfred Brendel und Michael Kr\u00fcger<\/strong><br \/>\n<strong> Ort: Heine Haus<\/strong><\/p>\n<p><img decoding=\"async\" loading=\"lazy\" class=\"alignleft size-thumbnail wp-image-2912\" src=\"https:\/\/www.heinehaus.de\/wp-content\/uploads\/2016\/06\/Kr\u00fcger_MichaelcFoto-Meinen_SV-150x150.jpg\" alt=\"\" width=\"150\" height=\"150\" \/> <img decoding=\"async\" loading=\"lazy\" class=\"size-thumbnail wp-image-2911 alignnone\" src=\"https:\/\/www.heinehaus.de\/wp-content\/uploads\/2016\/06\/Brendel_Alfred-150x150.jpg\" alt=\"Alfred Brendel 2013\" width=\"150\" height=\"150\" \/><\/p>\n<p>Der gro\u00dfe<strong> Alfred Brendel<\/strong>, weltbekannt als einer der bedeutendsten Pianisten und nebenbei feinsinniger Poet und<strong> Michael Kr\u00fcger<\/strong> (Schriftsteller und ehemaliger Verleger des Hanser Verlages) treffen sich im Heine Haus zum Gespr\u00e4ch (Mo. 11.7.)<\/p>\n<p><em>Eintritt: Mo. 11.07. EUR 10,\u2013\/8,\u2013 <\/em><br \/>\n<strong><em>Ort: Heine Haus<\/em><\/strong><\/p>\n<p><img decoding=\"async\" loading=\"lazy\" class=\"size-full wp-image-75 alignnone\" src=\"https:\/\/www.heinehaus.de\/wp-content\/uploads\/2009\/12\/linie.jpg\" alt=\"linie\" width=\"420\" height=\"57\" srcset=\"https:\/\/www.heinehaus.de\/wp-content\/uploads\/2009\/12\/linie.jpg 420w, https:\/\/www.heinehaus.de\/wp-content\/uploads\/2009\/12\/linie-300x40.jpg 300w\" sizes=\"(max-width: 420px) 100vw, 420px\" \/><em><br \/>\nEintritt:<\/em><br \/>\n<em> Sa. 09.07.\u00a0 Kinderpoesiefest, Eintritt: frei<br \/>\nAnmeldung erw\u00fcnscht, Ort: Deutsche Oper am Rhein<\/em><br \/>\n<em> So. 10.07. Matin\u00e9e:<br \/>\nEUR 8,\u2013\/6,\u2013 (erm.), Ort: Heine Haus<\/em><br \/>\n<em> Mo. 11.07.<br \/>\nEUR 10,\u2013\/8,\u2013, Ort: Heine Haus<\/em><br \/>\n<strong><em> Festivalkarte: EUR 14,\u2013<\/em><\/strong><\/p>\n<p>VVK: M\u00fcller &amp; B\u00f6hm Literaturhandlung im Heine Haus<\/p>\n<p><img decoding=\"async\" loading=\"lazy\" class=\"size-full wp-image-75 alignnone\" src=\"https:\/\/www.heinehaus.de\/wp-content\/uploads\/2009\/12\/linie.jpg\" alt=\"linie\" width=\"420\" height=\"57\" srcset=\"https:\/\/www.heinehaus.de\/wp-content\/uploads\/2009\/12\/linie.jpg 420w, https:\/\/www.heinehaus.de\/wp-content\/uploads\/2009\/12\/linie-300x40.jpg 300w\" sizes=\"(max-width: 420px) 100vw, 420px\" \/><br \/>\n<strong> Veranstalter: Verein zur F\u00f6rderung des Heinrich-Heine-Geburtshauses e.V., M\u00fcller &amp; B\u00f6hm Literaturhandlung<\/strong><\/p>\n<p>Gef\u00f6rdert durch: Kulturamt der Landeshauptstadt D\u00fcsseldorf; Kunststiftung NRW und Ministerium f\u00fcr Familie, Kinder, Jugend, Kultur und Sport des Landes Nordrhein-Westfalen, B\u00fcrgerStiftung D\u00fcsseldorf<br \/>\nMit freundlicher Unterst\u00fczung: Deutsche Oper am Rhein<\/p>\n<h6>Fotos: Julia Trompeter \u00a9 Peter Susewind, Michael Kr\u00fcger \u00a9 Meinen_SV, Alfred Brendel \u00a9 P.-A. Hassiepen<\/h6>\n","protected":false},"excerpt":{"rendered":"<p>Unsinnspoesie ist Poesie, die sich scheinbar ohne erkennbaren Sinn dem Spiel und Klang der Worte hingibt. Sie ist nicht an Epochen gebunden, auch wenn die Dadaisten im 20. Jh. erhebliche Impulse gaben. Unter dem Motto \u201eUnsinnspoesie in Wort und Musik\u201c steht in diesem Jahr unsere inzwischen traditionsreiche Veranstaltungsreihe \u201ePoesie \u2013 Ein Fest im Heine Haus\u201c von Samstag, den 9. Juli (Kinderpoesiefest mit Rotraut Susanne Berner) bis Montag, den 11. Juli (Autorenlesung mit Alfred Brendel und Michael Kr\u00fcger). Sa. 9.7.16, 14 Uhr Kinderpoesiefest Programm: R. S. Berner und Christine Kn\u00f6dler Ort: Deutsche Oper am Rhein \u00a9 R.S.Berner Am Samstag, den 9. Juli von 14 bis 16 Uhr wird in der Deutschen Oper am Rhein gebastelt, gemalt und gedichtet. Herzlich eingeladen sind&#8230;<\/p>\n","protected":false},"author":2,"featured_media":0,"comment_status":"closed","ping_status":"closed","sticky":false,"template":"","format":"standard","meta":[],"categories":[3],"tags":[],"_links":{"self":[{"href":"https:\/\/www.heinehaus.de\/index.php\/wp-json\/wp\/v2\/posts\/2852"}],"collection":[{"href":"https:\/\/www.heinehaus.de\/index.php\/wp-json\/wp\/v2\/posts"}],"about":[{"href":"https:\/\/www.heinehaus.de\/index.php\/wp-json\/wp\/v2\/types\/post"}],"author":[{"embeddable":true,"href":"https:\/\/www.heinehaus.de\/index.php\/wp-json\/wp\/v2\/users\/2"}],"replies":[{"embeddable":true,"href":"https:\/\/www.heinehaus.de\/index.php\/wp-json\/wp\/v2\/comments?post=2852"}],"version-history":[{"count":42,"href":"https:\/\/www.heinehaus.de\/index.php\/wp-json\/wp\/v2\/posts\/2852\/revisions"}],"predecessor-version":[{"id":2958,"href":"https:\/\/www.heinehaus.de\/index.php\/wp-json\/wp\/v2\/posts\/2852\/revisions\/2958"}],"wp:attachment":[{"href":"https:\/\/www.heinehaus.de\/index.php\/wp-json\/wp\/v2\/media?parent=2852"}],"wp:term":[{"taxonomy":"category","embeddable":true,"href":"https:\/\/www.heinehaus.de\/index.php\/wp-json\/wp\/v2\/categories?post=2852"},{"taxonomy":"post_tag","embeddable":true,"href":"https:\/\/www.heinehaus.de\/index.php\/wp-json\/wp\/v2\/tags?post=2852"}],"curies":[{"name":"wp","href":"https:\/\/api.w.org\/{rel}","templated":true}]}}