{"id":3315,"date":"2017-03-31T10:04:03","date_gmt":"2017-03-31T10:04:03","guid":{"rendered":"http:\/\/www.heinehaus.de\/?p=3315"},"modified":"2017-03-31T10:17:20","modified_gmt":"2017-03-31T10:17:20","slug":"matthias-politycki-schrecklich-schoen-und-weit-und-wild-verlag","status":"publish","type":"post","link":"https:\/\/www.heinehaus.de\/index.php\/2017\/03\/31\/matthias-politycki-schrecklich-schoen-und-weit-und-wild-verlag\/","title":{"rendered":"Matthias Politycki. Schrecklich sch\u00f6n und weit und wild. (Verlag Hoffmann &#038; Campe)"},"content":{"rendered":"<p><strong>03.05.2017, Mi. 19:30 Uhr<\/strong><br \/>\n<strong>Matthias Politycki. Schrecklich sch\u00f6n und weit und wild.<br \/>\n(Verlag Hoffmann &amp; Campe)<\/strong><br \/>\nAutorenlesung und Gespr\u00e4ch in der Reihe <em>Neue Deutsche Literatur<br \/>\n<\/em><\/p>\n<p>Wochenendtrip oder Weltumrundung, Pauschal- oder Backpackerreise, L\u00e4nder sammeln oder einfach last minute: Wir reisen, was das Zeug h\u00e4lt. Aber woher kommt diese Reiselust? Und warum ist Reisen heute anders als fr\u00fcher? Der Romancier und Lyriker <strong>Matthias Politycki<\/strong>, der nebenberuflich passionierter Reisender ist, schreibt in einem sehr pers\u00f6nlichen Buch \u00fcber allgemeing\u00fcltige Fragen und stellt es im Heine Haus vor.<br \/>\n\u201eEiner unserer wortgewaltigsten Autoren in Deutschland \u00fcberhaupt.\u201c (Denis Scheck, ARD)<\/p>\n<p><em>Moderation: Philipp Holstein (Rheinische Post)<\/em><\/p>\n<p>Veranstalter: Verein zur F\u00f6rderung des Heinrich-Heine-Geburtshauses e.V., M\u00fcller &amp; B\u00f6hm Literaturhandlung<\/p>\n","protected":false},"excerpt":{"rendered":"<p>03.05.2017, Mi. 19:30 Uhr Matthias Politycki. Schrecklich sch\u00f6n und weit und wild. (Verlag Hoffmann &amp; Campe) Autorenlesung und Gespr\u00e4ch in der Reihe Neue Deutsche Literatur Wochenendtrip oder Weltumrundung, Pauschal- oder Backpackerreise, L\u00e4nder sammeln oder einfach last minute: Wir reisen, was das Zeug h\u00e4lt. Aber woher kommt diese Reiselust? Und warum ist Reisen heute anders als fr\u00fcher? Der Romancier und Lyriker Matthias Politycki, der nebenberuflich passionierter Reisender ist, schreibt in einem sehr pers\u00f6nlichen Buch \u00fcber allgemeing\u00fcltige Fragen und stellt es im Heine Haus vor. \u201eEiner unserer wortgewaltigsten Autoren in Deutschland \u00fcberhaupt.\u201c (Denis Scheck, ARD) Moderation: Philipp Holstein (Rheinische Post) Veranstalter: Verein zur F\u00f6rderung des Heinrich-Heine-Geburtshauses e.V., M\u00fcller &amp; B\u00f6hm Literaturhandlung<\/p>\n","protected":false},"author":2,"featured_media":0,"comment_status":"closed","ping_status":"open","sticky":false,"template":"","format":"standard","meta":[],"categories":[3],"tags":[],"_links":{"self":[{"href":"https:\/\/www.heinehaus.de\/index.php\/wp-json\/wp\/v2\/posts\/3315"}],"collection":[{"href":"https:\/\/www.heinehaus.de\/index.php\/wp-json\/wp\/v2\/posts"}],"about":[{"href":"https:\/\/www.heinehaus.de\/index.php\/wp-json\/wp\/v2\/types\/post"}],"author":[{"embeddable":true,"href":"https:\/\/www.heinehaus.de\/index.php\/wp-json\/wp\/v2\/users\/2"}],"replies":[{"embeddable":true,"href":"https:\/\/www.heinehaus.de\/index.php\/wp-json\/wp\/v2\/comments?post=3315"}],"version-history":[{"count":3,"href":"https:\/\/www.heinehaus.de\/index.php\/wp-json\/wp\/v2\/posts\/3315\/revisions"}],"predecessor-version":[{"id":3326,"href":"https:\/\/www.heinehaus.de\/index.php\/wp-json\/wp\/v2\/posts\/3315\/revisions\/3326"}],"wp:attachment":[{"href":"https:\/\/www.heinehaus.de\/index.php\/wp-json\/wp\/v2\/media?parent=3315"}],"wp:term":[{"taxonomy":"category","embeddable":true,"href":"https:\/\/www.heinehaus.de\/index.php\/wp-json\/wp\/v2\/categories?post=3315"},{"taxonomy":"post_tag","embeddable":true,"href":"https:\/\/www.heinehaus.de\/index.php\/wp-json\/wp\/v2\/tags?post=3315"}],"curies":[{"name":"wp","href":"https:\/\/api.w.org\/{rel}","templated":true}]}}