{"id":3452,"date":"2017-07-30T16:11:52","date_gmt":"2017-07-30T16:11:52","guid":{"rendered":"http:\/\/www.heinehaus.de\/?p=3452"},"modified":"2017-08-22T08:22:16","modified_gmt":"2017-08-22T08:22:16","slug":"poesiedebutpreis","status":"publish","type":"post","link":"https:\/\/www.heinehaus.de\/index.php\/2017\/07\/30\/poesiedebutpreis\/","title":{"rendered":"PoesieDeb\u00fctPreis D\u00fcsseldorf 2017"},"content":{"rendered":"<p><strong>01.10.2017, So. 12.00 Uhr. Matinee<\/strong><br \/>\n<strong>Preisverleihung PoesieDeb\u00fctPreis D\u00fcsseldorf 2017<\/strong><br \/>\n<strong>Maren Kames <\/strong><br \/>\n<strong>halb taube halb pfau.\u00a0 (Secession Verlag)<\/strong><br \/>\nAutorenlesung und Gespr\u00e4ch<\/p>\n<p>Ein Ich, das sich aufmacht, die Leere, das Wei\u00df zu durchmessen, sich ein Land zu erschaffen. In der Lyrik Maren Kames b\u00fcndelt sich das Tasten nach Grenzen zu beinahe Fassbarem, nur um wieder auseinander zu stieben und als Treibgut durch die Sprechlust zu schweben, immer hochliterarisch, nie um ein L\u00e4cheln verlegen. In ihrem au\u00dfergew\u00f6hnlichen Deb\u00fct geht Maren Kames den feinen Rissen nach, die in der Textur des scheinbar Bekannten entstehen, und stellt unter Beweis, wie aufregend neu Lyrik immer wieder sein kann.<br \/>\n<em>\u201eDas faszinierende Panorama einer Expedition durch Sprachlandschaften, die zugleich Kopflandschaften sind.\u201d (Jury D\u00fcsseldorfer PoesieDeb\u00fctPreis 2017)<\/em><\/p>\n<p>Gru\u00dfwort: Hans Georg Lohe, Kulturdezernent Landehauptstadt Du\u0308sseldorf<br \/>\nGru\u00dfwort: Thomas Jelitte, Vorsitzender Heine Haus e.V.<br \/>\nLaudatio: Nico Bleutge<\/p>\n<p>Veranstalter:<br \/>\nVerein zur F\u00f6rderung des Heinrich-Heine-Geburtshauses e.V., M\u00fcller &amp; B\u00f6hm Literaturhandlung<\/p>\n<p><strong> Ort: Heine Haus, Bolkerstr. 53, 40213 D\u00fcsseldorf.<\/strong><br \/>\n<em>10,-\/8,- Euro\u00a0 inkl. Begr\u00fc\u00dfungsgetr\u00e4nk. Anmeldung erw\u00fcnscht.<\/em><\/p>\n","protected":false},"excerpt":{"rendered":"<p>01.10.2017, So. 12.00 Uhr. Matinee Preisverleihung PoesieDeb\u00fctPreis D\u00fcsseldorf 2017 Maren Kames halb taube halb pfau.\u00a0 (Secession Verlag) Autorenlesung und Gespr\u00e4ch Ein Ich, das sich aufmacht, die Leere, das Wei\u00df zu durchmessen, sich ein Land zu erschaffen. In der Lyrik Maren Kames b\u00fcndelt sich das Tasten nach Grenzen zu beinahe Fassbarem, nur um wieder auseinander zu stieben und als Treibgut durch die Sprechlust zu schweben, immer hochliterarisch, nie um ein L\u00e4cheln verlegen. In ihrem au\u00dfergew\u00f6hnlichen Deb\u00fct geht Maren Kames den feinen Rissen nach, die in der Textur des scheinbar Bekannten entstehen, und stellt unter Beweis, wie aufregend neu Lyrik immer wieder sein kann. \u201eDas faszinierende Panorama einer Expedition durch Sprachlandschaften, die zugleich Kopflandschaften sind.\u201d (Jury D\u00fcsseldorfer PoesieDeb\u00fctPreis 2017) Gru\u00dfwort: Hans Georg&#8230;<\/p>\n","protected":false},"author":1,"featured_media":0,"comment_status":"closed","ping_status":"closed","sticky":false,"template":"","format":"standard","meta":[],"categories":[3],"tags":[],"_links":{"self":[{"href":"https:\/\/www.heinehaus.de\/index.php\/wp-json\/wp\/v2\/posts\/3452"}],"collection":[{"href":"https:\/\/www.heinehaus.de\/index.php\/wp-json\/wp\/v2\/posts"}],"about":[{"href":"https:\/\/www.heinehaus.de\/index.php\/wp-json\/wp\/v2\/types\/post"}],"author":[{"embeddable":true,"href":"https:\/\/www.heinehaus.de\/index.php\/wp-json\/wp\/v2\/users\/1"}],"replies":[{"embeddable":true,"href":"https:\/\/www.heinehaus.de\/index.php\/wp-json\/wp\/v2\/comments?post=3452"}],"version-history":[{"count":4,"href":"https:\/\/www.heinehaus.de\/index.php\/wp-json\/wp\/v2\/posts\/3452\/revisions"}],"predecessor-version":[{"id":3509,"href":"https:\/\/www.heinehaus.de\/index.php\/wp-json\/wp\/v2\/posts\/3452\/revisions\/3509"}],"wp:attachment":[{"href":"https:\/\/www.heinehaus.de\/index.php\/wp-json\/wp\/v2\/media?parent=3452"}],"wp:term":[{"taxonomy":"category","embeddable":true,"href":"https:\/\/www.heinehaus.de\/index.php\/wp-json\/wp\/v2\/categories?post=3452"},{"taxonomy":"post_tag","embeddable":true,"href":"https:\/\/www.heinehaus.de\/index.php\/wp-json\/wp\/v2\/tags?post=3452"}],"curies":[{"name":"wp","href":"https:\/\/api.w.org\/{rel}","templated":true}]}}