{"id":422,"date":"2010-10-06T07:11:30","date_gmt":"2010-10-06T07:11:30","guid":{"rendered":"http:\/\/www.heinehaus.de\/?p=422"},"modified":"2010-10-06T07:11:44","modified_gmt":"2010-10-06T07:11:44","slug":"wintermarchen","status":"publish","type":"post","link":"https:\/\/www.heinehaus.de\/index.php\/2010\/10\/06\/wintermarchen\/","title":{"rendered":"Winterm\u00e4rchen \u2013 Ein Heine-Abend"},"content":{"rendered":"<p>Zu Gast im Heine Haus<br \/>\n<strong>08.12.2010, Mi. 19:30 Uhr<br \/>\nDie deutsche Oper am Rhein mit dem Opernstudio<br \/>\nWinterm\u00e4rchen \u2013 Ein Heine-Abend<\/strong><\/p>\n<p>Handverlesen sind die jungen S\u00e4ngerinnen und S\u00e4nger, die sich im Opern-studio der Deutschen Oper am Rhein den letzten Schliff holen. Im Juni war das Opernstudio erstmals im Heine Haus zu Gast, um der Verbindung von Oper und Literatur nachzusp\u00fcren. Nun wird die Kooperation mit einem Heine-Abend fortgesetzt. Zu Geh\u00f6r gebracht werden Texte aus allen Schaffensperioden des Dichters und bekannte und weniger bekannte Vertonungen von Schubert, Schumann und zeitgen\u00f6ssischen Komponisten.<br \/>\n<em><\/em><\/p>\n<p><em>Begr\u00fc\u00dfung: Prof. Reinhold Christiani (Vorsitzender Verein Heine Haus e.V.)<br \/>\nS\u00e4ngerinnen und S\u00e4nger des Opernstudios der Deutschen Oper am Rhein<br \/>\nMusikalische Leitung: Christoph St\u00f6cker<br \/>\nLesung: Mechthild Hoersch, Bernhard F. Loges<br \/>\n<\/em><br \/>\n<em>Veranstalter: Verein zur F\u00f6rderung des Heinrich-Heine-Geburtshauses e.V., M\u00fcller &amp; B\u00f6hm Literaturhandlung in Kooperation mit der Deutschen Oper am Rhein<br \/>\n<\/em><em><strong>Ort: Heine Haus, Bolkerstr. 53, 40213 D\u00fcsseldorf.<\/strong><\/em><em><br \/>\n<\/em>Eintritt:  EUR 8,\u2013\/6,\u2013 (erm.)<\/p>\n","protected":false},"excerpt":{"rendered":"<p>Zu Gast im Heine Haus 08.12.2010, Mi. 19:30 Uhr Die deutsche Oper am Rhein mit dem Opernstudio Winterm\u00e4rchen \u2013 Ein Heine-Abend Handverlesen sind die jungen S\u00e4ngerinnen und S\u00e4nger, die sich im Opern-studio der Deutschen Oper am Rhein den letzten Schliff holen. Im Juni war das Opernstudio erstmals im Heine Haus zu Gast, um der Verbindung von Oper und Literatur nachzusp\u00fcren. Nun wird die Kooperation mit einem Heine-Abend fortgesetzt. Zu Geh\u00f6r gebracht werden Texte aus allen Schaffensperioden des Dichters und bekannte und weniger bekannte Vertonungen von Schubert, Schumann und zeitgen\u00f6ssischen Komponisten. Begr\u00fc\u00dfung: Prof. Reinhold Christiani (Vorsitzender Verein Heine Haus e.V.) S\u00e4ngerinnen und S\u00e4nger des Opernstudios der Deutschen Oper am Rhein Musikalische Leitung: Christoph St\u00f6cker Lesung: Mechthild Hoersch, Bernhard F. Loges Veranstalter:&#8230;<\/p>\n","protected":false},"author":1,"featured_media":0,"comment_status":"open","ping_status":"open","sticky":false,"template":"","format":"standard","meta":[],"categories":[3],"tags":[],"_links":{"self":[{"href":"https:\/\/www.heinehaus.de\/index.php\/wp-json\/wp\/v2\/posts\/422"}],"collection":[{"href":"https:\/\/www.heinehaus.de\/index.php\/wp-json\/wp\/v2\/posts"}],"about":[{"href":"https:\/\/www.heinehaus.de\/index.php\/wp-json\/wp\/v2\/types\/post"}],"author":[{"embeddable":true,"href":"https:\/\/www.heinehaus.de\/index.php\/wp-json\/wp\/v2\/users\/1"}],"replies":[{"embeddable":true,"href":"https:\/\/www.heinehaus.de\/index.php\/wp-json\/wp\/v2\/comments?post=422"}],"version-history":[{"count":2,"href":"https:\/\/www.heinehaus.de\/index.php\/wp-json\/wp\/v2\/posts\/422\/revisions"}],"predecessor-version":[{"id":424,"href":"https:\/\/www.heinehaus.de\/index.php\/wp-json\/wp\/v2\/posts\/422\/revisions\/424"}],"wp:attachment":[{"href":"https:\/\/www.heinehaus.de\/index.php\/wp-json\/wp\/v2\/media?parent=422"}],"wp:term":[{"taxonomy":"category","embeddable":true,"href":"https:\/\/www.heinehaus.de\/index.php\/wp-json\/wp\/v2\/categories?post=422"},{"taxonomy":"post_tag","embeddable":true,"href":"https:\/\/www.heinehaus.de\/index.php\/wp-json\/wp\/v2\/tags?post=422"}],"curies":[{"name":"wp","href":"https:\/\/api.w.org\/{rel}","templated":true}]}}