{"id":4221,"date":"2018-12-14T15:43:43","date_gmt":"2018-12-14T15:43:43","guid":{"rendered":"http:\/\/www.heinehaus.de\/?p=4221"},"modified":"2018-12-27T16:55:49","modified_gmt":"2018-12-27T16:55:49","slug":"auslese-michi-strausfeld","status":"publish","type":"post","link":"https:\/\/www.heinehaus.de\/index.php\/2018\/12\/14\/auslese-michi-strausfeld\/","title":{"rendered":"Auslese: Michi Strausfeld."},"content":{"rendered":"<p>au\u00dfer Haus:<br \/>\n<strong>03.02.2019, So. 12:00 Uhr<\/strong><br \/>\n<strong>Auslese \u2013 B\u00fccher f\u00fcr die Sammlung:<\/strong>\u00a0<strong>Michi Strausfeld<\/strong><\/p>\n<p>Viermal im Jahr l\u00e4dt die Kunstsammlung in Kooperation mit der Literaturhandlung M\u00fcller &amp; B\u00f6hm literaturbegeisterte B\u00fcrger aus den Bereichen Kultur, Politik und Gesellschaft ein, mit Blick auf die Sammlung eine ganz pers\u00f6nliche Auswahl zu treffen aus Romanen, Erz\u00e4hlungen und Sachb\u00fcchern.\u00a0Die Literaturwissenschaftlerin, Verlagslektorin (u.a. <em>Suhrkamp<\/em> und <em>S. Fischer<\/em>) und Herausgeberin <strong>Michi Strausfeld<\/strong> bestreitet in diesem Jahr die erste Auslese und pr\u00e4sentiert in der Kunstsammlung ihre pers\u00f6nliche Auswahl.<br \/>\n<strong><br \/>\nReservierungen bitte unter: Tel. 0211.8\u2009\u2009\u200938\u2009\u2009\u200912\u2009\u200904<\/strong><\/p>\n<p><strong>Ort:<\/strong> Kunstsammlung NRW, Grabbeplatz 5, 40213 D\u00fcsseldorf<br \/>\n<strong>Eintritt:<\/strong> aktueller Eintrittspreis zur jeweiligen Ausstellung der Sammlung.<\/p>\n<p><strong>Veranstalter:<\/strong> M\u00fcller &amp; B\u00f6hm Literaturhandlung in Kooperation mit der Kunstsammlung NRW<\/p>\n","protected":false},"excerpt":{"rendered":"<p>au\u00dfer Haus: 03.02.2019, So. 12:00 Uhr Auslese \u2013 B\u00fccher f\u00fcr die Sammlung:\u00a0Michi Strausfeld Viermal im Jahr l\u00e4dt die Kunstsammlung in Kooperation mit der Literaturhandlung M\u00fcller &amp; B\u00f6hm literaturbegeisterte B\u00fcrger aus den Bereichen Kultur, Politik und Gesellschaft ein, mit Blick auf die Sammlung eine ganz pers\u00f6nliche Auswahl zu treffen aus Romanen, Erz\u00e4hlungen und Sachb\u00fcchern.\u00a0Die Literaturwissenschaftlerin, Verlagslektorin (u.a. Suhrkamp und S. Fischer) und Herausgeberin Michi Strausfeld bestreitet in diesem Jahr die erste Auslese und pr\u00e4sentiert in der Kunstsammlung ihre pers\u00f6nliche Auswahl. Reservierungen bitte unter: Tel. 0211.8\u2009\u2009\u200938\u2009\u2009\u200912\u2009\u200904 Ort: Kunstsammlung NRW, Grabbeplatz 5, 40213 D\u00fcsseldorf Eintritt: aktueller Eintrittspreis zur jeweiligen Ausstellung der Sammlung. Veranstalter: M\u00fcller &amp; B\u00f6hm Literaturhandlung in Kooperation mit der Kunstsammlung NRW<\/p>\n","protected":false},"author":1,"featured_media":0,"comment_status":"closed","ping_status":"open","sticky":false,"template":"","format":"standard","meta":[],"categories":[3],"tags":[],"_links":{"self":[{"href":"https:\/\/www.heinehaus.de\/index.php\/wp-json\/wp\/v2\/posts\/4221"}],"collection":[{"href":"https:\/\/www.heinehaus.de\/index.php\/wp-json\/wp\/v2\/posts"}],"about":[{"href":"https:\/\/www.heinehaus.de\/index.php\/wp-json\/wp\/v2\/types\/post"}],"author":[{"embeddable":true,"href":"https:\/\/www.heinehaus.de\/index.php\/wp-json\/wp\/v2\/users\/1"}],"replies":[{"embeddable":true,"href":"https:\/\/www.heinehaus.de\/index.php\/wp-json\/wp\/v2\/comments?post=4221"}],"version-history":[{"count":4,"href":"https:\/\/www.heinehaus.de\/index.php\/wp-json\/wp\/v2\/posts\/4221\/revisions"}],"predecessor-version":[{"id":4271,"href":"https:\/\/www.heinehaus.de\/index.php\/wp-json\/wp\/v2\/posts\/4221\/revisions\/4271"}],"wp:attachment":[{"href":"https:\/\/www.heinehaus.de\/index.php\/wp-json\/wp\/v2\/media?parent=4221"}],"wp:term":[{"taxonomy":"category","embeddable":true,"href":"https:\/\/www.heinehaus.de\/index.php\/wp-json\/wp\/v2\/categories?post=4221"},{"taxonomy":"post_tag","embeddable":true,"href":"https:\/\/www.heinehaus.de\/index.php\/wp-json\/wp\/v2\/tags?post=4221"}],"curies":[{"name":"wp","href":"https:\/\/api.w.org\/{rel}","templated":true}]}}