{"id":4238,"date":"2018-12-16T10:59:27","date_gmt":"2018-12-16T10:59:27","guid":{"rendered":"http:\/\/www.heinehaus.de\/?p=4238"},"modified":"2019-04-16T08:40:55","modified_gmt":"2019-04-16T08:40:55","slug":"unsere-veranstaltungen-januar-und-feburar","status":"publish","type":"post","link":"https:\/\/www.heinehaus.de\/index.php\/2018\/12\/16\/unsere-veranstaltungen-januar-und-feburar\/","title":{"rendered":"Unsere Veranstaltungen Januar und Februar."},"content":{"rendered":"<p>+++ Anl\u00e4sslich des Jubil\u00e4umsjahres 2019 <strong>30 Jahre M\u00fcller &amp; B\u00f6hm<\/strong> hat die Fotografin und Videok\u00fcnstlerin Katharina Mayer die Inhaber, Kunden, Mitarbeiter fotografiert.\u00a0 Am 13. Januar +++ <a href=\"https:\/\/www.heinehaus.de\/index.php\/2019\/01\/05\/volles-haus-30-jahre-mueller-boehm\/\"><strong>mehr<\/strong><\/a><\/p>\n<p><strong>+++ James Baldwins<\/strong> <em>Von dieser Welt<\/em>, erstmalig 1953 publiziert, liest sich, als sei der afro-amerikanische Autor ein Zeitgenosse. Literatur-Lesen bei M\u00fcller &amp; B\u00f6hm mit <strong>Heinz-Norbert Jocks.<\/strong> Ab dem <strong>17. Januar +++ <a href=\"https:\/\/www.heinehaus.de\/index.php\/2018\/12\/14\/literatur-lesen-james-baldwin\/\">mehr<\/a><\/strong><\/p>\n<p><strong>+++<\/strong> Ein New Yorker Jazzclub im Jahr 1966: Ein junger Deutscher aus der hessischen Provinz ger\u00e4t in ein Konzert des Saxophonisten Albert Ayler. <strong>Friedrich Christian Delius<\/strong> liest aus seinem neuen Roman <em>Die Zukunft der Sch\u00f6nheit.<\/em> Am<strong> 21. Januar +++ <a href=\"https:\/\/www.heinehaus.de\/index.php\/2018\/12\/14\/friedrich-christian-delius\/\">mehr<\/a><\/strong><\/p>\n<figure id=\"attachment_4253\" aria-describedby=\"caption-attachment-4253\" style=\"width: 150px\" class=\"wp-caption alignleft\"><img decoding=\"async\" loading=\"lazy\" class=\"size-thumbnail wp-image-4253\" src=\"https:\/\/www.heinehaus.de\/wp-content\/uploads\/2018\/12\/Takis_W\u00fcrger_2018cSven-D\u00f6ring_2-150x150.jpg\" alt=\"\u00a9 Sven D\u00f6ring \/ Agentur Focus\" width=\"150\" height=\"150\" \/><figcaption id=\"caption-attachment-4253\" class=\"wp-caption-text\">\u00a9 Sven D\u00f6ring \/ Agentur Focus<\/figcaption><\/figure>\n<p><strong>+++ Takis W\u00fcrger<\/strong> erz\u00e4hlt mit Tempo und Wucht eine Geschichte \u00fcber Angst und Hoffnung im Berlin des Jahres 1942. Er liest aus seinem Roman <em>Stella<\/em> am <strong>24. Januar <\/strong>im Heine\u00a0Haus Literaturhaus\u00a0D\u00fcsseldorf<strong> \u00a0+++ <a href=\"https:\/\/www.heinehaus.de\/index.php\/2018\/12\/14\/takis-wuerger\/\">mehr<\/a><\/strong><\/p>\n<p><strong>+++<\/strong> Die Literaturwissenschaftlerin, Verlagslektorin und Herausgeberin <strong>Michi Strausfeld<\/strong> bestreitet in diesem Jahr die erste Auslese in der Kunstsammlung NRW. Am <strong>3. Februar +++ <a href=\"https:\/\/www.heinehaus.de\/index.php\/2018\/12\/14\/auslese-michi-strausfeld\/\">mehr<\/a><\/strong><\/p>\n<p>&nbsp;<\/p>\n<p><strong><img decoding=\"async\" loading=\"lazy\" class=\"size-thumbnail wp-image-4255 alignleft\" src=\"https:\/\/www.heinehaus.de\/wp-content\/uploads\/2018\/12\/Josten-\u00a9-Isabelle-Woopen-150x150.jpg\" alt=\"Josten \u00a9 Isabelle Woopen\" width=\"150\" height=\"150\" \/>+++<\/strong> Einnehmend leicht und in \u00fcberraschenden Wendungen erz\u00e4hlt <strong>Husch Josten<\/strong> in ihrem Roman<em> Land sehen<\/em> so tiefgr\u00fcndig wie humorvoll von N\u00e4he und Freundschaft, von einem bewegten Leben und dem Ringen um ewige Fragen. Sie liest daraus am <strong>8. Februar +++ <a href=\"https:\/\/www.heinehaus.de\/index.php\/2018\/12\/14\/husch-josten\/\">mehr<\/a><\/strong><\/p>\n<p>+++ Die K\u00f6lner Autorin und Journalistin <strong>Ute Wegmann<\/strong> hat die Autobiographie der beliebten Schriftstellerin und Illustratorin<strong> Judith Kerr<\/strong> aus dem Englischen \u00fcbersetzt. Am<strong> 15. Februar<\/strong> stellt sie diese warmherzige Lebensgeschichte vor. <strong>+++ <a href=\"https:\/\/www.heinehaus.de\/index.php\/2018\/12\/14\/ute-wegmann-judith-kerr\/\">mehr<\/a><\/strong><\/p>\n<p>+++ <strong>Oswald Egger<\/strong>\u00a0setzt mit <em>Der Triumph der Farben<\/em> sein poetisch-experimentelles Finden und Entdecken fort und ist am <strong>17. Februar<\/strong> im Heine Haus +++ <a href=\"https:\/\/www.heinehaus.de\/index.php\/2018\/12\/21\/oswald-egger\/\"><strong>mehr<\/strong><\/a><\/p>\n<p><strong>+++<\/strong> Am <strong>18. Februar<\/strong> stellen <strong>Maria Stepanova<\/strong> und <strong>Durs Gr\u00fcnbein<\/strong> in Gespr\u00e4ch &amp; Lesung das Buch <em>Nach dem Ged\u00e4chtnis<\/em> gemeinsam vor. <strong>+++ <a href=\"https:\/\/www.heinehaus.de\/index.php\/2018\/12\/14\/durs-gruenbein-und-maria-stepanova\/\">mehr<\/p>\n<p><\/a><\/strong><\/p>\n<hr \/>\n<p>&nbsp;<\/p>\n","protected":false},"excerpt":{"rendered":"<p>+++ Anl\u00e4sslich des Jubil\u00e4umsjahres 2019 30 Jahre M\u00fcller &amp; B\u00f6hm hat die Fotografin und Videok\u00fcnstlerin Katharina Mayer die Inhaber, Kunden, Mitarbeiter fotografiert.\u00a0 Am 13. Januar +++ mehr +++ James Baldwins Von dieser Welt, erstmalig 1953 publiziert, liest sich, als sei der afro-amerikanische Autor ein Zeitgenosse. Literatur-Lesen bei M\u00fcller &amp; B\u00f6hm mit Heinz-Norbert Jocks. Ab dem 17. Januar +++ mehr +++ Ein New Yorker Jazzclub im Jahr 1966: Ein junger Deutscher aus der hessischen Provinz ger\u00e4t in ein Konzert des Saxophonisten Albert Ayler. Friedrich Christian Delius liest aus seinem neuen Roman Die Zukunft der Sch\u00f6nheit. Am 21. Januar +++ mehr +++ Takis W\u00fcrger erz\u00e4hlt mit Tempo und Wucht eine Geschichte \u00fcber Angst und Hoffnung im Berlin des Jahres 1942. Er liest&#8230;<\/p>\n","protected":false},"author":1,"featured_media":0,"comment_status":"closed","ping_status":"open","sticky":false,"template":"","format":"standard","meta":[],"categories":[1],"tags":[],"_links":{"self":[{"href":"https:\/\/www.heinehaus.de\/index.php\/wp-json\/wp\/v2\/posts\/4238"}],"collection":[{"href":"https:\/\/www.heinehaus.de\/index.php\/wp-json\/wp\/v2\/posts"}],"about":[{"href":"https:\/\/www.heinehaus.de\/index.php\/wp-json\/wp\/v2\/types\/post"}],"author":[{"embeddable":true,"href":"https:\/\/www.heinehaus.de\/index.php\/wp-json\/wp\/v2\/users\/1"}],"replies":[{"embeddable":true,"href":"https:\/\/www.heinehaus.de\/index.php\/wp-json\/wp\/v2\/comments?post=4238"}],"version-history":[{"count":14,"href":"https:\/\/www.heinehaus.de\/index.php\/wp-json\/wp\/v2\/posts\/4238\/revisions"}],"predecessor-version":[{"id":4479,"href":"https:\/\/www.heinehaus.de\/index.php\/wp-json\/wp\/v2\/posts\/4238\/revisions\/4479"}],"wp:attachment":[{"href":"https:\/\/www.heinehaus.de\/index.php\/wp-json\/wp\/v2\/media?parent=4238"}],"wp:term":[{"taxonomy":"category","embeddable":true,"href":"https:\/\/www.heinehaus.de\/index.php\/wp-json\/wp\/v2\/categories?post=4238"},{"taxonomy":"post_tag","embeddable":true,"href":"https:\/\/www.heinehaus.de\/index.php\/wp-json\/wp\/v2\/tags?post=4238"}],"curies":[{"name":"wp","href":"https:\/\/api.w.org\/{rel}","templated":true}]}}