{"id":4325,"date":"2019-02-12T13:09:48","date_gmt":"2019-02-12T13:09:48","guid":{"rendered":"http:\/\/www.heinehaus.de\/?p=4325"},"modified":"2019-04-16T08:10:07","modified_gmt":"2019-04-16T08:10:07","slug":"annie-ernaux","status":"publish","type":"post","link":"https:\/\/www.heinehaus.de\/index.php\/2019\/02\/12\/annie-ernaux\/","title":{"rendered":"Annie Ernaux."},"content":{"rendered":"<p><strong>21.03.2019, Do. 19:30 Uhr<\/strong><br \/>\n<strong>Annie Ernaux. <\/strong><strong>Der Platz (Suhrkamp)<\/strong><br \/>\nAutorenlesung und Gespr\u00e4ch in der Reihe<em> Literatur der Nachbarn<\/em><\/p>\n<figure id=\"attachment_4327\" aria-describedby=\"caption-attachment-4327\" style=\"width: 260px\" class=\"wp-caption alignleft\"><img decoding=\"async\" loading=\"lazy\" class=\"wp-image-4327 size-medium\" src=\"https:\/\/www.heinehaus.de\/wp-content\/uploads\/2019\/02\/Ernaux_Annie_Olivier-Roller_SV-260x300.jpg\" alt=\"Ernaux_Annie_Olivier-Roller_SV\" width=\"260\" height=\"300\" srcset=\"https:\/\/www.heinehaus.de\/wp-content\/uploads\/2019\/02\/Ernaux_Annie_Olivier-Roller_SV-260x300.jpg 260w, https:\/\/www.heinehaus.de\/wp-content\/uploads\/2019\/02\/Ernaux_Annie_Olivier-Roller_SV-768x887.jpg 768w, https:\/\/www.heinehaus.de\/wp-content\/uploads\/2019\/02\/Ernaux_Annie_Olivier-Roller_SV-490x566.jpg 490w, https:\/\/www.heinehaus.de\/wp-content\/uploads\/2019\/02\/Ernaux_Annie_Olivier-Roller_SV.jpg 1486w\" sizes=\"(max-width: 260px) 100vw, 260px\" \/><figcaption id=\"caption-attachment-4327\" class=\"wp-caption-text\">Foto: Olivier Roller_SV<\/figcaption><\/figure>\n<p style=\"text-align: justify;\">\n<p style=\"text-align: justify;\">Annie Ernaux ist in Frankreich eine literarische Legende, hierzulande sind ihre Romane \u00fcber die Herkunft aus dem Arbeitermilieu gerade erst entdeckt worden. Den Abschied vom Vater nimmt sie zum Anlass, um \u00fcber sein Leben zu schreiben. Es ist die Geschichte vom gesellschaftlichen Aufstieg der Eltern und der allgegenw\u00e4rtigen Angst, wieder in die Unterschicht abzurutschen und von der Gefahr, nicht zu bestehen. Das Erscheinen von Der Platz markiert einen Einschnitt in der franz\u00f6sischen Literatur \u2013 diese neuartige Form der Selbstbetrachtung, Ernaux bezeichnet sich als \u201aEthnologin ihrer selbst\u2019,ist der Glutkern der Autofiktion.<\/p>\n<p>&nbsp;<\/p>\n<p><em>\u201eAnmutig und sch\u00f6n. Ernaux\u2019 internationaler Erfolg ist mehr als verdient.\u201d (The New York Times)<\/em><\/p>\n<p><em>Moderation: Prof. Ursula Hennigfeld (Heinrich-Heine-Universit\u00e4t)<\/em><\/p>\n<p><em>Lesung deutscher Text: Rudolf M\u00fcller (M\u00fcller &amp; B\u00f6hm Literaturhandlung im Heine Haus)<br \/>\n<strong><br \/>\nOrt:<\/strong> Heine Haus Literaturhaus D\u00fcsseldorf, Bolkerstr. 53, 40213 D\u00fcsseldorf.<br \/>\n<strong>Eintritt:<\/strong> EUR 10,\u2013\/8,\u2013 (erm.)<\/em><\/p>\n<p><strong>Veranstalter:<\/strong> Verein zur F\u00f6rderung des Heinrich-Heine-Geburtshauses e.V. und M\u00fcller &amp; B\u00f6hm Literaturhandlung in Kooperation mit dem Institut fran\u00e7ais<\/p>\n","protected":false},"excerpt":{"rendered":"<p>21.03.2019, Do. 19:30 Uhr Annie Ernaux. Der Platz (Suhrkamp) Autorenlesung und Gespr\u00e4ch in der Reihe Literatur der Nachbarn Annie Ernaux ist in Frankreich eine literarische Legende, hierzulande sind ihre Romane \u00fcber die Herkunft aus dem Arbeitermilieu gerade erst entdeckt worden. Den Abschied vom Vater nimmt sie zum Anlass, um \u00fcber sein Leben zu schreiben. Es ist die Geschichte vom gesellschaftlichen Aufstieg der Eltern und der allgegenw\u00e4rtigen Angst, wieder in die Unterschicht abzurutschen und von der Gefahr, nicht zu bestehen. Das Erscheinen von Der Platz markiert einen Einschnitt in der franz\u00f6sischen Literatur \u2013 diese neuartige Form der Selbstbetrachtung, Ernaux bezeichnet sich als \u201aEthnologin ihrer selbst\u2019,ist der Glutkern der Autofiktion. &nbsp; \u201eAnmutig und sch\u00f6n. Ernaux\u2019 internationaler Erfolg ist mehr als verdient.\u201d (The&#8230;<\/p>\n","protected":false},"author":1,"featured_media":0,"comment_status":"closed","ping_status":"closed","sticky":false,"template":"","format":"standard","meta":[],"categories":[3],"tags":[],"_links":{"self":[{"href":"https:\/\/www.heinehaus.de\/index.php\/wp-json\/wp\/v2\/posts\/4325"}],"collection":[{"href":"https:\/\/www.heinehaus.de\/index.php\/wp-json\/wp\/v2\/posts"}],"about":[{"href":"https:\/\/www.heinehaus.de\/index.php\/wp-json\/wp\/v2\/types\/post"}],"author":[{"embeddable":true,"href":"https:\/\/www.heinehaus.de\/index.php\/wp-json\/wp\/v2\/users\/1"}],"replies":[{"embeddable":true,"href":"https:\/\/www.heinehaus.de\/index.php\/wp-json\/wp\/v2\/comments?post=4325"}],"version-history":[{"count":6,"href":"https:\/\/www.heinehaus.de\/index.php\/wp-json\/wp\/v2\/posts\/4325\/revisions"}],"predecessor-version":[{"id":4445,"href":"https:\/\/www.heinehaus.de\/index.php\/wp-json\/wp\/v2\/posts\/4325\/revisions\/4445"}],"wp:attachment":[{"href":"https:\/\/www.heinehaus.de\/index.php\/wp-json\/wp\/v2\/media?parent=4325"}],"wp:term":[{"taxonomy":"category","embeddable":true,"href":"https:\/\/www.heinehaus.de\/index.php\/wp-json\/wp\/v2\/categories?post=4325"},{"taxonomy":"post_tag","embeddable":true,"href":"https:\/\/www.heinehaus.de\/index.php\/wp-json\/wp\/v2\/tags?post=4325"}],"curies":[{"name":"wp","href":"https:\/\/api.w.org\/{rel}","templated":true}]}}