{"id":4346,"date":"2019-02-12T13:37:33","date_gmt":"2019-02-12T13:37:33","guid":{"rendered":"http:\/\/www.heinehaus.de\/?p=4346"},"modified":"2019-04-16T08:40:32","modified_gmt":"2019-04-16T08:40:32","slug":"unsere-veranstaltungen-maerz-und-april","status":"publish","type":"post","link":"https:\/\/www.heinehaus.de\/index.php\/2019\/02\/12\/unsere-veranstaltungen-maerz-und-april\/","title":{"rendered":"Unsere Veranstaltungen M\u00e4rz und April."},"content":{"rendered":"<p><strong>+++<\/strong> Tusche- und Bleistiftzeichnungen, Radierungen u.a.m. von <strong>Harald Naegeli<\/strong> werden im Heine Haus zugunsten der GALGO-HILFE e.V versteigert. Der K\u00fcnstler ist anwesend. Am<strong> 9. M\u00e4rz +++ <a href=\"https:\/\/www.heinehaus.de\/index.php\/2019\/02\/12\/benefiz-auktion-mit-harald-naegeli\/\">mehr<\/a><\/strong><\/p>\n<p><img decoding=\"async\" loading=\"lazy\" class=\"alignleft wp-image-4358 size-thumbnail\" src=\"https:\/\/www.heinehaus.de\/wp-content\/uploads\/2019\/02\/Ernaux_Annie_Olivier-Roller_SV-1-150x150.jpg\" alt=\"Ernaux_Annie_Olivier-Roller_SV\" width=\"150\" height=\"150\" \/><strong>+++ Annie Ernaux<\/strong> ist in Frankreich eine literarische Legende, hierzulande sind ihre Romane \u00fcber die Herkunft aus dem Arbeitermilieu gerade erst entdeckt worden. Sie kommt am <strong>21. M\u00e4rz<\/strong> ins Heine Haus. <strong>+++ <a href=\"https:\/\/www.heinehaus.de\/index.php\/2019\/02\/12\/annie-ernaux\/\">mehr<\/a><\/strong><\/p>\n<p><strong>+++ Ingrid Bach\u00e9rs<\/strong> neuer Roman setzt sich mit der Frage der Mitschuld der Elterngeneration und der Zul\u00e4ssigkeit des Vergessens und Verdr\u00e4ngens auseinander. Sie liest im Heine Haus am <strong>26. M\u00e4rz +++ <a href=\"https:\/\/www.heinehaus.de\/index.php\/2019\/02\/12\/ingrid-bacher-2\/\">mehr<\/a><\/strong><\/p>\n<p><strong>+++<\/strong> Mit seinem Deb\u00fct ist <strong>Anselm Oelze<\/strong> ein philosophischer Abenteuerroman gelungen, ein literarisches Denkmal f\u00fcr die Au\u00dfenseiter des Lebens und der Geschichte. Im Heine Haus am <strong>28. M\u00e4rz +++ <a href=\"https:\/\/www.heinehaus.de\/index.php\/2019\/02\/12\/anselm-oelze\/\">mehr<\/a><\/strong><\/p>\n<p>+++ Der vielfach ausgezeichnete Natursch\u00fctzer <strong>Ernst Paul D\u00f6rfler<\/strong> hat ein ber\u00fchrendes Buch \u00fcber das geheime Leben der V\u00f6gel geschrieben. Am <strong>3. April<\/strong> ist er im Heine Haus. +++ <strong><a href=\"https:\/\/www.heinehaus.de\/index.php\/2019\/03\/06\/4436\/\">mehr<\/a><\/strong><\/p>\n<p><img decoding=\"async\" loading=\"lazy\" class=\"alignleft wp-image-4417 size-thumbnail\" src=\"https:\/\/www.heinehaus.de\/wp-content\/uploads\/2019\/02\/Gila-Lustiger_sw-150x150.jpg\" alt=\"Gila Lustiger_sw\" width=\"150\" height=\"150\" \/>+++ Unter dem Eindruck der Anschl\u00e4ge in Paris 2015, hat die dort lebende Schriftstellerin <strong>Gila Lustiger<\/strong> ihre Gedanken in einem Essay festgehalten und pl\u00e4diert f\u00fcr Vernunft und eine vehemente Verteidigung liberaler Werte. Am<strong> 10. April<\/strong> im Heine Haus <strong>+++ <a href=\"https:\/\/www.heinehaus.de\/index.php\/2019\/02\/12\/gila_lustiger\/\">mehr<\/a><\/strong><\/p>\n<p>+++Wer war Anne Frank?\u00a0Die Antworten auf diese und weitere Fragen finden sich im Buch <strong>Alles \u00fcber Anne<\/strong>, das am 11. April im Heine Haus vorgestellt wird. <strong>+++ <a href=\"https:\/\/www.heinehaus.de\/index.php\/2019\/03\/05\/anne-frank\/\">mehr<\/a><\/strong><\/p>\n<p><strong>+++<\/strong> Auf den Spuren des ber\u00fchmtesten Italienreisenden aller Zeiten f\u00fchrt diese Grand Tour des Fotografen<strong> Helmut Schlai\u00df<\/strong> einmal der L\u00e4nge nach durch das Land, \u201ewo die Zitronen bl\u00fchn\u201d.<strong> Denis Scheck<\/strong> stellt das Buch am 25. April im Heine Haus vor. <strong>+++ <a href=\"https:\/\/www.heinehaus.de\/index.php\/2019\/02\/12\/italienische-reise\/\">mehr<\/p>\n<p><\/a><\/strong><\/p>\n<hr \/>\n<p>&nbsp;<\/p>\n","protected":false},"excerpt":{"rendered":"<p>+++ Tusche- und Bleistiftzeichnungen, Radierungen u.a.m. von Harald Naegeli werden im Heine Haus zugunsten der GALGO-HILFE e.V versteigert. Der K\u00fcnstler ist anwesend. Am 9. M\u00e4rz +++ mehr +++ Annie Ernaux ist in Frankreich eine literarische Legende, hierzulande sind ihre Romane \u00fcber die Herkunft aus dem Arbeitermilieu gerade erst entdeckt worden. Sie kommt am 21. M\u00e4rz ins Heine Haus. +++ mehr +++ Ingrid Bach\u00e9rs neuer Roman setzt sich mit der Frage der Mitschuld der Elterngeneration und der Zul\u00e4ssigkeit des Vergessens und Verdr\u00e4ngens auseinander. Sie liest im Heine Haus am 26. M\u00e4rz +++ mehr +++ Mit seinem Deb\u00fct ist Anselm Oelze ein philosophischer Abenteuerroman gelungen, ein literarisches Denkmal f\u00fcr die Au\u00dfenseiter des Lebens und der Geschichte. Im Heine Haus am 28. M\u00e4rz&#8230;<\/p>\n","protected":false},"author":1,"featured_media":0,"comment_status":"closed","ping_status":"closed","sticky":false,"template":"","format":"standard","meta":[],"categories":[1],"tags":[],"_links":{"self":[{"href":"https:\/\/www.heinehaus.de\/index.php\/wp-json\/wp\/v2\/posts\/4346"}],"collection":[{"href":"https:\/\/www.heinehaus.de\/index.php\/wp-json\/wp\/v2\/posts"}],"about":[{"href":"https:\/\/www.heinehaus.de\/index.php\/wp-json\/wp\/v2\/types\/post"}],"author":[{"embeddable":true,"href":"https:\/\/www.heinehaus.de\/index.php\/wp-json\/wp\/v2\/users\/1"}],"replies":[{"embeddable":true,"href":"https:\/\/www.heinehaus.de\/index.php\/wp-json\/wp\/v2\/comments?post=4346"}],"version-history":[{"count":17,"href":"https:\/\/www.heinehaus.de\/index.php\/wp-json\/wp\/v2\/posts\/4346\/revisions"}],"predecessor-version":[{"id":4478,"href":"https:\/\/www.heinehaus.de\/index.php\/wp-json\/wp\/v2\/posts\/4346\/revisions\/4478"}],"wp:attachment":[{"href":"https:\/\/www.heinehaus.de\/index.php\/wp-json\/wp\/v2\/media?parent=4346"}],"wp:term":[{"taxonomy":"category","embeddable":true,"href":"https:\/\/www.heinehaus.de\/index.php\/wp-json\/wp\/v2\/categories?post=4346"},{"taxonomy":"post_tag","embeddable":true,"href":"https:\/\/www.heinehaus.de\/index.php\/wp-json\/wp\/v2\/tags?post=4346"}],"curies":[{"name":"wp","href":"https:\/\/api.w.org\/{rel}","templated":true}]}}