{"id":4643,"date":"2019-06-15T14:49:33","date_gmt":"2019-06-15T14:49:33","guid":{"rendered":"http:\/\/www.heinehaus.de\/?p=4643"},"modified":"2019-07-01T12:34:55","modified_gmt":"2019-07-01T12:34:55","slug":"simon-strauss","status":"publish","type":"post","link":"https:\/\/www.heinehaus.de\/index.php\/2019\/06\/15\/simon-strauss\/","title":{"rendered":"Simon Strau\u00df."},"content":{"rendered":"<p><strong>11.07.2019, Do. 19:30 Uhr<\/strong><br \/>\n<strong>Simon Strau\u00df. <\/strong><strong>R\u00f6mische Tage. (Klett-Cotta)<\/strong><br \/>\nAutorenlesung und Gespr\u00e4ch in der Reihe <em>Neue Deutsche Literatur<\/em><\/p>\n<p>Ein junger Mann kommt in die ewige Stadt, um die Gegenwart abzuschu\u0308tteln. Er sucht einen eigenen Weg, fu\u0308hlt fremde Zeiten in sich leben. In Rom erinnert er sich. In Rom verliebt er sich. In Rom trauert er. Er trifft auf au\u00dfergew\u00f6hnliche Menschen und findet seine Aufgabe: Alles wahrnehmen, nichts auslassen. <em>R\u00f6mische Tage<\/em> fu\u0308hrt zu den vielen Anf\u00e4ngen und Enden unserer Welt und fragt, was wir morgen daraus machen.<br \/>\n<strong>Simon Strau\u00df<\/strong>, geboren 1988 in Berlin, studierte Altertumswissenschaften und Geschichte in Basel, Poitiers und Cambridge und promovierte 2017 an der Humboldt Universit\u00e4t Berlin. Er ist Feuilleton-Redakteur bei der <strong>FAZ<\/strong> und lebt in Frankfurt am Main.<\/p>\n<p><em>\u201eDie Kraft mit der Simon Strau\u00df sprachliche Bilder zeigt, ist hin- und damit auch <\/em><em>mitrei\u00dfend!\u201d (ZDF aspekte)<\/em><\/p>\n<p><em>Moderation: Tom Kraushaar (Gesch\u00e4ftsfu\u0308hrung Klett-Cotta)<\/em><\/p>\n<p><strong>Ort:<\/strong> Heine Haus Literaturhaus D\u00fcsseldorf, Bolkerstr. 53, 40213 D\u00fcsseldorf.<br \/>\n<strong>Eintritt:<\/strong> EUR 10,\u2013\/8,\u2013 (erm.)<strong><em><br \/>\n<\/em><\/strong><\/p>\n","protected":false},"excerpt":{"rendered":"<p>11.07.2019, Do. 19:30 Uhr Simon Strau\u00df. R\u00f6mische Tage. (Klett-Cotta) Autorenlesung und Gespr\u00e4ch in der Reihe Neue Deutsche Literatur Ein junger Mann kommt in die ewige Stadt, um die Gegenwart abzuschu\u0308tteln. Er sucht einen eigenen Weg, fu\u0308hlt fremde Zeiten in sich leben. In Rom erinnert er sich. In Rom verliebt er sich. In Rom trauert er. Er trifft auf au\u00dfergew\u00f6hnliche Menschen und findet seine Aufgabe: Alles wahrnehmen, nichts auslassen. R\u00f6mische Tage fu\u0308hrt zu den vielen Anf\u00e4ngen und Enden unserer Welt und fragt, was wir morgen daraus machen. Simon Strau\u00df, geboren 1988 in Berlin, studierte Altertumswissenschaften und Geschichte in Basel, Poitiers und Cambridge und promovierte 2017 an der Humboldt Universit\u00e4t Berlin. Er ist Feuilleton-Redakteur bei der FAZ und lebt in Frankfurt am&#8230;<\/p>\n","protected":false},"author":1,"featured_media":0,"comment_status":"closed","ping_status":"closed","sticky":false,"template":"","format":"standard","meta":[],"categories":[3],"tags":[],"_links":{"self":[{"href":"https:\/\/www.heinehaus.de\/index.php\/wp-json\/wp\/v2\/posts\/4643"}],"collection":[{"href":"https:\/\/www.heinehaus.de\/index.php\/wp-json\/wp\/v2\/posts"}],"about":[{"href":"https:\/\/www.heinehaus.de\/index.php\/wp-json\/wp\/v2\/types\/post"}],"author":[{"embeddable":true,"href":"https:\/\/www.heinehaus.de\/index.php\/wp-json\/wp\/v2\/users\/1"}],"replies":[{"embeddable":true,"href":"https:\/\/www.heinehaus.de\/index.php\/wp-json\/wp\/v2\/comments?post=4643"}],"version-history":[{"count":3,"href":"https:\/\/www.heinehaus.de\/index.php\/wp-json\/wp\/v2\/posts\/4643\/revisions"}],"predecessor-version":[{"id":4686,"href":"https:\/\/www.heinehaus.de\/index.php\/wp-json\/wp\/v2\/posts\/4643\/revisions\/4686"}],"wp:attachment":[{"href":"https:\/\/www.heinehaus.de\/index.php\/wp-json\/wp\/v2\/media?parent=4643"}],"wp:term":[{"taxonomy":"category","embeddable":true,"href":"https:\/\/www.heinehaus.de\/index.php\/wp-json\/wp\/v2\/categories?post=4643"},{"taxonomy":"post_tag","embeddable":true,"href":"https:\/\/www.heinehaus.de\/index.php\/wp-json\/wp\/v2\/tags?post=4643"}],"curies":[{"name":"wp","href":"https:\/\/api.w.org\/{rel}","templated":true}]}}