{"id":4649,"date":"2019-06-15T14:52:14","date_gmt":"2019-06-15T14:52:14","guid":{"rendered":"http:\/\/www.heinehaus.de\/?p=4649"},"modified":"2019-07-01T11:56:42","modified_gmt":"2019-07-01T11:56:42","slug":"herta-mueller","status":"publish","type":"post","link":"https:\/\/www.heinehaus.de\/index.php\/2019\/06\/15\/herta-mueller\/","title":{"rendered":"Herta M\u00fcller"},"content":{"rendered":"<p><em>au\u00dfer Haus<\/em><br \/>\n<strong>12.07.2019, Fr. 19:30 Uhr<\/strong><br \/>\n<strong>Herta M\u00fcller. <\/strong><strong>Im Heimweh ist ein blauer Saal. (Hanser)<\/strong><br \/>\nAutorenlesung und Gespr\u00e4ch in der Reihe <em>Preistr\u00e4ger im Heine Haus<\/em><\/p>\n<p>Herta Mu\u0308llers beru\u0308hmte Collagen sind beides zugleich: Kunstwerk und Gedicht, Spiel und poetischer Ernst. Und unversehens taucht im geklebten Gedicht das auf, worum es eigentlich geht: die Wirklichkeit \u2013 denn \u201evielleicht haben auch W\u00f6rter ein schimmerndes Gemu\u0308t und betreiben Amtsmissbrauch\u2026\u201d Herta Mu\u0308ller dichtet mit Schere und Papier \u2013 ein neuer Collagenband der Nobelpreistr\u00e4gerin.<br \/>\n<strong>Herta M\u00fcller<\/strong>, 1953 in Nitzkydorf\/Rum\u00e4nien geboren, lebt seit 1987 als Schriftstellerin in Berlin. Ihr Werk erscheint bei Hanser. Sie wurde mit zahlreichen Preisen ausgezeichnet und ist die <strong>Literaturnobelpreistr\u00e4gerin 2009<\/strong>.<\/p>\n<p><em>\u201eWer diese wunderbare Poesie wahrnehmen will, hat keine andere Wahl als zum <\/em><em>Buch zu greifen und es mit wachen Sinnen aufzuschlagen.\u201d (WDR)<\/em><\/p>\n<p><strong>Ort:<\/strong> Central, Worringer Stra\u00dfe 140, 40210 Du\u0308sseldorf<br \/>\n<strong>Eintritt:<\/strong> 19,\u2013 \/ 10,\u2013 erm.<br \/>\nVVK Mu\u0308ller &amp; B\u00f6hm Literaturhandlung<\/p>\n<p><em>Veranstalter: Heine Haus in Kooperation mit dem Du\u0308sseldorfer Schauspielhaus<\/em><\/p>\n","protected":false},"excerpt":{"rendered":"<p>au\u00dfer Haus 12.07.2019, Fr. 19:30 Uhr Herta M\u00fcller. Im Heimweh ist ein blauer Saal. (Hanser) Autorenlesung und Gespr\u00e4ch in der Reihe Preistr\u00e4ger im Heine Haus Herta Mu\u0308llers beru\u0308hmte Collagen sind beides zugleich: Kunstwerk und Gedicht, Spiel und poetischer Ernst. Und unversehens taucht im geklebten Gedicht das auf, worum es eigentlich geht: die Wirklichkeit \u2013 denn \u201evielleicht haben auch W\u00f6rter ein schimmerndes Gemu\u0308t und betreiben Amtsmissbrauch\u2026\u201d Herta Mu\u0308ller dichtet mit Schere und Papier \u2013 ein neuer Collagenband der Nobelpreistr\u00e4gerin. Herta M\u00fcller, 1953 in Nitzkydorf\/Rum\u00e4nien geboren, lebt seit 1987 als Schriftstellerin in Berlin. Ihr Werk erscheint bei Hanser. Sie wurde mit zahlreichen Preisen ausgezeichnet und ist die Literaturnobelpreistr\u00e4gerin 2009. \u201eWer diese wunderbare Poesie wahrnehmen will, hat keine andere Wahl als zum Buch&#8230;<\/p>\n","protected":false},"author":1,"featured_media":0,"comment_status":"closed","ping_status":"closed","sticky":false,"template":"","format":"standard","meta":[],"categories":[3],"tags":[],"_links":{"self":[{"href":"https:\/\/www.heinehaus.de\/index.php\/wp-json\/wp\/v2\/posts\/4649"}],"collection":[{"href":"https:\/\/www.heinehaus.de\/index.php\/wp-json\/wp\/v2\/posts"}],"about":[{"href":"https:\/\/www.heinehaus.de\/index.php\/wp-json\/wp\/v2\/types\/post"}],"author":[{"embeddable":true,"href":"https:\/\/www.heinehaus.de\/index.php\/wp-json\/wp\/v2\/users\/1"}],"replies":[{"embeddable":true,"href":"https:\/\/www.heinehaus.de\/index.php\/wp-json\/wp\/v2\/comments?post=4649"}],"version-history":[{"count":4,"href":"https:\/\/www.heinehaus.de\/index.php\/wp-json\/wp\/v2\/posts\/4649\/revisions"}],"predecessor-version":[{"id":4685,"href":"https:\/\/www.heinehaus.de\/index.php\/wp-json\/wp\/v2\/posts\/4649\/revisions\/4685"}],"wp:attachment":[{"href":"https:\/\/www.heinehaus.de\/index.php\/wp-json\/wp\/v2\/media?parent=4649"}],"wp:term":[{"taxonomy":"category","embeddable":true,"href":"https:\/\/www.heinehaus.de\/index.php\/wp-json\/wp\/v2\/categories?post=4649"},{"taxonomy":"post_tag","embeddable":true,"href":"https:\/\/www.heinehaus.de\/index.php\/wp-json\/wp\/v2\/tags?post=4649"}],"curies":[{"name":"wp","href":"https:\/\/api.w.org\/{rel}","templated":true}]}}