{"id":4664,"date":"2019-06-15T15:13:36","date_gmt":"2019-06-15T15:13:36","guid":{"rendered":"http:\/\/www.heinehaus.de\/?p=4664"},"modified":"2019-07-26T15:36:00","modified_gmt":"2019-07-26T15:36:00","slug":"unsere-veranstaltungen-juli-august-2019","status":"publish","type":"post","link":"https:\/\/www.heinehaus.de\/index.php\/2019\/06\/15\/unsere-veranstaltungen-juli-august-2019\/","title":{"rendered":"Unsere Veranstaltungen Juli, August 2019"},"content":{"rendered":"<p><strong>+++<\/strong> In ihrem neuen Roman erz\u00e4hlt <strong>Karen Duve<\/strong> gnadenlos realistisch und mit \u2028trockenem Humor von der Liebes- und Lebenskatastrophe der Annette von Droste-H\u00fclshoff. Sie kommt am<strong> 3. Juli<\/strong> ins Heine Haus<strong> +++ <a href=\"https:\/\/www.heinehaus.de\/index.php\/2019\/06\/15\/karen-duve\/\">mehr<\/a><\/strong><\/p>\n<p><strong>+++<\/strong> Ein junger Mann kommt in die ewige Stadt, um die Gegenwart abzusch\u00fctteln. Er sucht einen eigenen Weg, f\u00fchlt fremde Zeiten in sich leben. <strong>Simon Strau\u00df<\/strong>, Feuilleton-Redakteur bei der FAZ, liest aus seinem Roman <em>R\u00f6mische Tage.<\/em> Am <strong>11. Juli +++ <a href=\"https:\/\/www.heinehaus.de\/index.php\/2019\/06\/15\/simon-strauss\/\">mehr<\/a><\/strong><\/p>\n<p><strong>+++ Herta M\u00fcllers<\/strong> ber\u00fchmte Collagen sind beides zugleich: Kunstwerk und Gedicht, Spiel und poetischer Ernst. Sie kommt am<strong> 12. Juli<\/strong> nach D\u00fcsseldorf <strong> +++ <a href=\"https:\/\/www.heinehaus.de\/index.php\/2019\/06\/15\/herta-mueller\/\">mehr<\/a><\/strong><\/p>\n<p><strong>+++ Hans Peter Thurn<\/strong>, Professor f\u00fcr Soziologie an der Kunstakademie D\u00fcsseldorf, stellt seine <strong>Auslese<\/strong> f\u00fcr die Kunstsammlung am <strong>4. August<\/strong> vor <strong> +++ <a href=\"https:\/\/www.heinehaus.de\/index.php\/2019\/06\/15\/auslese-hans-peter-thurn\/\">mehr<\/a><\/strong><\/p>\n<p><strong>+++<\/strong> Die K\u00fcnstlerin <strong>Ulrike M\u00f6ltgen<\/strong>  zeigt im Heine Haus einen Teil ihrer f\u00fcr die Inselb\u00fccherei gefertigten Illustrationen. Die <strong>Vernissage<\/strong> ist am<strong> 24. August<\/strong> <strong> +++ <a href=\"https:\/\/www.heinehaus.de\/index.php\/2019\/07\/26\/vernissage-ulrike-moeltgen\/\">mehr<\/a><\/strong><\/p>\n<p><strong>+++<\/strong> <strong>Durs Gr\u00fcnbeins<\/strong> neues Buch ist eine \u00fcber Leitmotive miteinander verbundene Sammlung von Schriften verschiedener Genres. Er liest am<strong> 29. August<\/strong> im Heine Haus <strong> +++ <a href=\"https:\/\/www.heinehaus.de\/index.php\/2019\/06\/15\/durs-gruenbein\/\">mehr<\/a><\/strong><\/p>\n","protected":false},"excerpt":{"rendered":"<p>+++ In ihrem neuen Roman erz\u00e4hlt Karen Duve gnadenlos realistisch und mit \u2028trockenem Humor von der Liebes- und Lebenskatastrophe der Annette von Droste-H\u00fclshoff. Sie kommt am 3. Juli ins Heine Haus +++ mehr +++ Ein junger Mann kommt in die ewige Stadt, um die Gegenwart abzusch\u00fctteln. Er sucht einen eigenen Weg, f\u00fchlt fremde Zeiten in sich leben. Simon Strau\u00df, Feuilleton-Redakteur bei der FAZ, liest aus seinem Roman R\u00f6mische Tage. Am 11. Juli +++ mehr +++ Herta M\u00fcllers ber\u00fchmte Collagen sind beides zugleich: Kunstwerk und Gedicht, Spiel und poetischer Ernst. Sie kommt am 12. Juli nach D\u00fcsseldorf +++ mehr +++ Hans Peter Thurn, Professor f\u00fcr Soziologie an der Kunstakademie D\u00fcsseldorf, stellt seine Auslese f\u00fcr die Kunstsammlung am 4. August vor +++&#8230;<\/p>\n","protected":false},"author":1,"featured_media":0,"comment_status":"closed","ping_status":"open","sticky":false,"template":"","format":"standard","meta":[],"categories":[1],"tags":[],"_links":{"self":[{"href":"https:\/\/www.heinehaus.de\/index.php\/wp-json\/wp\/v2\/posts\/4664"}],"collection":[{"href":"https:\/\/www.heinehaus.de\/index.php\/wp-json\/wp\/v2\/posts"}],"about":[{"href":"https:\/\/www.heinehaus.de\/index.php\/wp-json\/wp\/v2\/types\/post"}],"author":[{"embeddable":true,"href":"https:\/\/www.heinehaus.de\/index.php\/wp-json\/wp\/v2\/users\/1"}],"replies":[{"embeddable":true,"href":"https:\/\/www.heinehaus.de\/index.php\/wp-json\/wp\/v2\/comments?post=4664"}],"version-history":[{"count":12,"href":"https:\/\/www.heinehaus.de\/index.php\/wp-json\/wp\/v2\/posts\/4664\/revisions"}],"predecessor-version":[{"id":4718,"href":"https:\/\/www.heinehaus.de\/index.php\/wp-json\/wp\/v2\/posts\/4664\/revisions\/4718"}],"wp:attachment":[{"href":"https:\/\/www.heinehaus.de\/index.php\/wp-json\/wp\/v2\/media?parent=4664"}],"wp:term":[{"taxonomy":"category","embeddable":true,"href":"https:\/\/www.heinehaus.de\/index.php\/wp-json\/wp\/v2\/categories?post=4664"},{"taxonomy":"post_tag","embeddable":true,"href":"https:\/\/www.heinehaus.de\/index.php\/wp-json\/wp\/v2\/tags?post=4664"}],"curies":[{"name":"wp","href":"https:\/\/api.w.org\/{rel}","templated":true}]}}