{"id":4725,"date":"2019-08-08T09:57:13","date_gmt":"2019-08-08T09:57:13","guid":{"rendered":"http:\/\/www.heinehaus.de\/?p=4725"},"modified":"2019-09-04T08:43:14","modified_gmt":"2019-09-04T08:43:14","slug":"poesie-ein-fest-im-heine-haus-5","status":"publish","type":"post","link":"https:\/\/www.heinehaus.de\/index.php\/2019\/08\/08\/poesie-ein-fest-im-heine-haus-5\/","title":{"rendered":"Poesie \u2013 Ein Fest im Heine Haus"},"content":{"rendered":"<p><em><span style=\"color: #808080;\"><strong>Fr. 06.09.\u2013 S0. 08.09.2019<\/strong><\/span><\/em><br \/>\n<strong>Poesie \u2013 Ein Fest im Heine Haus<\/strong><br \/>\n<strong>Thema: Europa und die Welt<\/strong><\/p>\n<p><span style=\"color: #808080;\"><em><strong>06.09. 2019, Fr. 19:30 Uhr<\/strong><\/em><\/span><br \/>\n<strong><em>Jan Wagner &amp; Federico Italiano. Grand Tour. (Hanser Verlag)<\/em><\/strong><br \/>\nBuchvorstellung, Lesung und Gespr\u00e4ch mit dem Bu\u0308chner-Preistr\u00e4ger<br \/>\n<em>Jan Wagner<\/em> und Co-Herausgeber <em>Federico Italiano.<\/em><br \/>\nLesung und Gespr\u00e4ch<br \/>\nmit <em>Val\u00e9rie Rouzeau<\/em> (Frankreich), <em>Dan Sociu<\/em> (Rum\u00e4nien),<em> Agn\u0117 \u017dagrakalyt\u0117<\/em> (Litauen)<\/p>\n<p><span style=\"color: #808080;\"><em><strong>07.09.2019, Sa. 16.00 Uhr<\/strong><\/em><\/span><br \/>\n<strong>Lesung und Gespr\u00e4ch<\/strong><br \/>\n<em>Dagmara Kraus<\/em> moderiert von <em>Christoph Buchwald<\/em> (Verleger, Herausgeber Jahrbuch der Lyrik)<br \/>\n<em>Ale\u0161 \u0160teger<\/em> moderiert von <em>Tobias Lehmkuhl<\/em><br \/>\n<em>Fiston Mwanza Mujila<\/em> moderiert von<em> Rudolf Mu\u0308ller<\/em> (Mu\u0308ller &amp; B\u00f6hm<br \/>\nLiteraturhandlung)<\/p>\n<p><span style=\"color: #808080;\"><em><strong>08.09.2019, So. 12.00 Uhr. Matinee<\/strong><\/em><\/span><br \/>\n<strong>Preisverleihung PoesieDebu\u0308tPreis 2019<br \/>\n<\/strong>an <em>Sebastian Unger.<\/em><br \/>\nDie Tiere wissen noch nicht Bescheid. (Matthes &amp; Seitz)<br \/>\nGru\u00dfwort: <span style=\"color: #000000;\">Marianne Schirge (Kulturamt Landeshauptstadt D\u00fcsseldorf)<br \/>\nGru\u00dfwort: Dr. Thomas Jelitte (Heine Haus e.V.)<\/span><br \/>\nLesung: <em>Sebastian Unger<\/em><br \/>\nLaudatio: <em>Monika Rinck<\/em><br \/>\nRahmenprogramm mit S\u00e4ngerinnen und S\u00e4ngern der Deutschen Oper<br \/>\nam Rhein<\/p>\n<p>Das vollst\u00e4ndige Programm k\u00f6nnen Sie<a href=\"https:\/\/www.heinehaus.de\/wp-content\/uploads\/2019\/08\/2019_PROGRAMM_POSIE.pdf\" target=\"_blank\"> hier\u00bb\u00bb<\/a> herunterladen.<\/p>\n<p align=\"JUSTIFY\"><strong>Veranstalter:<\/strong> Verein zur F\u00f6rderung des Heinrich Heine Geburtshauses e.V., Mu\u0308ller &amp; B\u00f6hm Literaturhandlung gef\u00f6rdert durch: <span style=\"color: #000000;\">Kulturamt der Landeshauptstadt D\u00fcsseldorf und der Kunststiftung NRW.<\/span><\/p>\n<p><strong>Eintritt:<br \/>\n<\/strong>Festivalkarte 15,-\u20ac<strong><br \/>\n<\/strong>Freitag, 06.09.2019 10,-\u20ac\/8,-\u20ac<br \/>\nSamstag, 07.09.2019 10,-\u20ac\/8,-\u20ac<br \/>\nSonntag, 08.09.2019 5,-\u20ac inkl. Begr\u00fc\u00dfungsgetr\u00e4nk<\/p>\n<hr \/>\n","protected":false},"excerpt":{"rendered":"<p>Fr. 06.09.\u2013 S0. 08.09.2019 Poesie \u2013 Ein Fest im Heine Haus Thema: Europa und die Welt 06.09. 2019, Fr. 19:30 Uhr Jan Wagner &amp; Federico Italiano. Grand Tour. (Hanser Verlag) Buchvorstellung, Lesung und Gespr\u00e4ch mit dem Bu\u0308chner-Preistr\u00e4ger Jan Wagner und Co-Herausgeber Federico Italiano. Lesung und Gespr\u00e4ch mit Val\u00e9rie Rouzeau (Frankreich), Dan Sociu (Rum\u00e4nien), Agn\u0117 \u017dagrakalyt\u0117 (Litauen) 07.09.2019, Sa. 16.00 Uhr Lesung und Gespr\u00e4ch Dagmara Kraus moderiert von Christoph Buchwald (Verleger, Herausgeber Jahrbuch der Lyrik) Ale\u0161 \u0160teger moderiert von Tobias Lehmkuhl Fiston Mwanza Mujila moderiert von Rudolf Mu\u0308ller (Mu\u0308ller &amp; B\u00f6hm Literaturhandlung) 08.09.2019, So. 12.00 Uhr. Matinee Preisverleihung PoesieDebu\u0308tPreis 2019 an Sebastian Unger. Die Tiere wissen noch nicht Bescheid. (Matthes &amp; Seitz) Gru\u00dfwort: Marianne Schirge (Kulturamt Landeshauptstadt D\u00fcsseldorf) Gru\u00dfwort: Dr. Thomas&#8230;<\/p>\n","protected":false},"author":1,"featured_media":0,"comment_status":"closed","ping_status":"closed","sticky":false,"template":"","format":"standard","meta":[],"categories":[3],"tags":[],"_links":{"self":[{"href":"https:\/\/www.heinehaus.de\/index.php\/wp-json\/wp\/v2\/posts\/4725"}],"collection":[{"href":"https:\/\/www.heinehaus.de\/index.php\/wp-json\/wp\/v2\/posts"}],"about":[{"href":"https:\/\/www.heinehaus.de\/index.php\/wp-json\/wp\/v2\/types\/post"}],"author":[{"embeddable":true,"href":"https:\/\/www.heinehaus.de\/index.php\/wp-json\/wp\/v2\/users\/1"}],"replies":[{"embeddable":true,"href":"https:\/\/www.heinehaus.de\/index.php\/wp-json\/wp\/v2\/comments?post=4725"}],"version-history":[{"count":7,"href":"https:\/\/www.heinehaus.de\/index.php\/wp-json\/wp\/v2\/posts\/4725\/revisions"}],"predecessor-version":[{"id":4803,"href":"https:\/\/www.heinehaus.de\/index.php\/wp-json\/wp\/v2\/posts\/4725\/revisions\/4803"}],"wp:attachment":[{"href":"https:\/\/www.heinehaus.de\/index.php\/wp-json\/wp\/v2\/media?parent=4725"}],"wp:term":[{"taxonomy":"category","embeddable":true,"href":"https:\/\/www.heinehaus.de\/index.php\/wp-json\/wp\/v2\/categories?post=4725"},{"taxonomy":"post_tag","embeddable":true,"href":"https:\/\/www.heinehaus.de\/index.php\/wp-json\/wp\/v2\/tags?post=4725"}],"curies":[{"name":"wp","href":"https:\/\/api.w.org\/{rel}","templated":true}]}}