{"id":4883,"date":"2019-10-14T14:18:15","date_gmt":"2019-10-14T14:18:15","guid":{"rendered":"http:\/\/www.heinehaus.de\/?p=4883"},"modified":"2019-10-21T14:18:17","modified_gmt":"2019-10-21T14:18:17","slug":"lukas-baerfuss-malinois","status":"publish","type":"post","link":"https:\/\/www.heinehaus.de\/index.php\/2019\/10\/14\/lukas-baerfuss-malinois\/","title":{"rendered":"Lukas B\u00e4rfuss. Malinois."},"content":{"rendered":"<p><strong>07.11.2019, Do. 19:30 Uhr<\/strong><br \/>\n<strong>Lukas B\u00e4rfuss. B\u00fcchnerpreistr\u00e4ger 2019<\/strong><br \/>\n<strong>Malinois. (Wallstein Verlag)<\/strong><br \/>\nAutorenlesung und Gespr\u00e4ch in der Reihe <em>Preistr\u00e4ger im Heine Haus<\/em><\/p>\n<p>Der Schweizer Schriftsteller und Dramaturg Lukas B\u00e4rfuss erh\u00e4lt den mit 50.000 Euro dotierten Georg-B\u00fcchner-Preis 2019, der am 2.11.2019 in Darmstadt verliehen wird. Der Preis gilt als wichtigste literarische Auszeichnung in Deutschland.<br \/>\nMit Lukas B\u00e4rfuss zeichnet die Deutsche Akademie f\u00fcr Sprache und Dichtung einen herausragenden Erz\u00e4hler und Dramatiker der deutschsprachigen Gegenwartsliteratur aus. <em>\u201eMit hoher Stilsicherheit und formalen Variationsreichtum erkunden seine Dramen und Romane stets neu und anders existentielle Grundsituationen des modernen Lebens.\u201d (Aus der Jurybegr\u00fcndung).<\/em><br \/>\n<em><br \/>\nGru\u00dfwort: Hans-Peter Willi, Konsul, Schweizerisches Generalkonsulat Frankfurt am Main<br \/>\nModeration: David Eisermann (Kulturjournalist)<\/em><\/p>\n<p>Im Anschluss l\u00e4dt das <em>Schweizerische Generalkonsulat Frankfurt am Main<\/em> herzlich zu einem kleinen Umtrunk ein.<\/p>\n<p><strong>Ort:<\/strong> Heine Haus Literaturhaus D\u00fcsseldorf, Bolkerstr. 53, 40213 D\u00fcsseldorf.<br \/>\n<strong>Eintritt:<\/strong> EUR 10,\u2013\/8,\u2013 (erm.)<\/p>\n<p><img decoding=\"async\" loading=\"lazy\" class=\"alignleft size-medium wp-image-4921\" src=\"https:\/\/www.heinehaus.de\/wp-content\/uploads\/2019\/10\/LOGOSCHWEIZ-300x96.jpg\" alt=\"LOGOSCHWEIZ\" width=\"300\" height=\"96\" srcset=\"https:\/\/www.heinehaus.de\/wp-content\/uploads\/2019\/10\/LOGOSCHWEIZ-300x96.jpg 300w, https:\/\/www.heinehaus.de\/wp-content\/uploads\/2019\/10\/LOGOSCHWEIZ-490x157.jpg 490w, https:\/\/www.heinehaus.de\/wp-content\/uploads\/2019\/10\/LOGOSCHWEIZ.jpg 582w\" sizes=\"(max-width: 300px) 100vw, 300px\" \/><\/p>\n","protected":false},"excerpt":{"rendered":"<p>07.11.2019, Do. 19:30 Uhr Lukas B\u00e4rfuss. B\u00fcchnerpreistr\u00e4ger 2019 Malinois. (Wallstein Verlag) Autorenlesung und Gespr\u00e4ch in der Reihe Preistr\u00e4ger im Heine Haus Der Schweizer Schriftsteller und Dramaturg Lukas B\u00e4rfuss erh\u00e4lt den mit 50.000 Euro dotierten Georg-B\u00fcchner-Preis 2019, der am 2.11.2019 in Darmstadt verliehen wird. Der Preis gilt als wichtigste literarische Auszeichnung in Deutschland. Mit Lukas B\u00e4rfuss zeichnet die Deutsche Akademie f\u00fcr Sprache und Dichtung einen herausragenden Erz\u00e4hler und Dramatiker der deutschsprachigen Gegenwartsliteratur aus. \u201eMit hoher Stilsicherheit und formalen Variationsreichtum erkunden seine Dramen und Romane stets neu und anders existentielle Grundsituationen des modernen Lebens.\u201d (Aus der Jurybegr\u00fcndung). Gru\u00dfwort: Hans-Peter Willi, Konsul, Schweizerisches Generalkonsulat Frankfurt am Main Moderation: David Eisermann (Kulturjournalist) Im Anschluss l\u00e4dt das Schweizerische Generalkonsulat Frankfurt am Main herzlich zu einem&#8230;<\/p>\n","protected":false},"author":1,"featured_media":0,"comment_status":"closed","ping_status":"open","sticky":false,"template":"","format":"standard","meta":[],"categories":[3],"tags":[],"_links":{"self":[{"href":"https:\/\/www.heinehaus.de\/index.php\/wp-json\/wp\/v2\/posts\/4883"}],"collection":[{"href":"https:\/\/www.heinehaus.de\/index.php\/wp-json\/wp\/v2\/posts"}],"about":[{"href":"https:\/\/www.heinehaus.de\/index.php\/wp-json\/wp\/v2\/types\/post"}],"author":[{"embeddable":true,"href":"https:\/\/www.heinehaus.de\/index.php\/wp-json\/wp\/v2\/users\/1"}],"replies":[{"embeddable":true,"href":"https:\/\/www.heinehaus.de\/index.php\/wp-json\/wp\/v2\/comments?post=4883"}],"version-history":[{"count":7,"href":"https:\/\/www.heinehaus.de\/index.php\/wp-json\/wp\/v2\/posts\/4883\/revisions"}],"predecessor-version":[{"id":4927,"href":"https:\/\/www.heinehaus.de\/index.php\/wp-json\/wp\/v2\/posts\/4883\/revisions\/4927"}],"wp:attachment":[{"href":"https:\/\/www.heinehaus.de\/index.php\/wp-json\/wp\/v2\/media?parent=4883"}],"wp:term":[{"taxonomy":"category","embeddable":true,"href":"https:\/\/www.heinehaus.de\/index.php\/wp-json\/wp\/v2\/categories?post=4883"},{"taxonomy":"post_tag","embeddable":true,"href":"https:\/\/www.heinehaus.de\/index.php\/wp-json\/wp\/v2\/tags?post=4883"}],"curies":[{"name":"wp","href":"https:\/\/api.w.org\/{rel}","templated":true}]}}