{"id":4890,"date":"2019-10-14T14:21:49","date_gmt":"2019-10-14T14:21:49","guid":{"rendered":"http:\/\/www.heinehaus.de\/?p=4890"},"modified":"2019-10-14T14:40:43","modified_gmt":"2019-10-14T14:40:43","slug":"gerda-raidt-muell","status":"publish","type":"post","link":"https:\/\/www.heinehaus.de\/index.php\/2019\/10\/14\/gerda-raidt-muell\/","title":{"rendered":"Gerda Raidt. M\u00fcll."},"content":{"rendered":"<p><strong>25.11.2019, Mo. 11:00 Uhr<\/strong><br \/>\n<strong>Gerda Raidt. <\/strong><br \/>\n<strong>M\u00fcll (Beltz Verlag)<\/strong><br \/>\nBuchvorstellung in der Reihe<em> Literaturhaus Heine f\u00fcr Gro\u00dfe &amp; Kleine<\/em><\/p>\n<p>M\u00fcll, eine l\u00e4stige Sache, die uns alle betrifft. Kinder haben von gigantischen M\u00fcllbergen und Plastikinseln im Meer geh\u00f6rt. Sie wissen sehr genau, dass der M\u00fcll nicht einfach entsorgt werden kann. M\u00fcll ist f\u00fcr alle ein Problem geworden. In Texten und Bildern erz\u00e4hlt Gerda Raidt in ihrem Buch <em>M\u00fcll<\/em>, das 2019 von der Deutschen Akademie f\u00fcr Kinder- und Jugendliteratur als Klima Buchtipp des Monats ausgezeichnet wurde, wohin der M\u00fcll geht, warum er um den Globus und sogar durch den Weltraum reist. Gerda Raidt ermutigt Kinder zu handeln, sie erkl\u00e4rt, wie die Unmengen von M\u00fcll reduziert werden k\u00f6nnen was jeder einzelne selbst \u00e4ndern kann.<\/p>\n<p><strong><em>Geschlossene Veranstaltung f\u00fcr Schulen.<br \/>\nAnmeldung erforderlich.<\/em><\/strong><\/p>\n<p>Die Reihe wird gef\u00f6rdert von der Sparkassen Kulturstiftung Rheinland und der Kunst- und Kulturstiftung der Stadtsparkasse D\u00fcsseldorf<\/p>\n","protected":false},"excerpt":{"rendered":"<p>25.11.2019, Mo. 11:00 Uhr Gerda Raidt. M\u00fcll (Beltz Verlag) Buchvorstellung in der Reihe Literaturhaus Heine f\u00fcr Gro\u00dfe &amp; Kleine M\u00fcll, eine l\u00e4stige Sache, die uns alle betrifft. Kinder haben von gigantischen M\u00fcllbergen und Plastikinseln im Meer geh\u00f6rt. Sie wissen sehr genau, dass der M\u00fcll nicht einfach entsorgt werden kann. M\u00fcll ist f\u00fcr alle ein Problem geworden. In Texten und Bildern erz\u00e4hlt Gerda Raidt in ihrem Buch M\u00fcll, das 2019 von der Deutschen Akademie f\u00fcr Kinder- und Jugendliteratur als Klima Buchtipp des Monats ausgezeichnet wurde, wohin der M\u00fcll geht, warum er um den Globus und sogar durch den Weltraum reist. Gerda Raidt ermutigt Kinder zu handeln, sie erkl\u00e4rt, wie die Unmengen von M\u00fcll reduziert werden k\u00f6nnen was jeder einzelne selbst \u00e4ndern&#8230;<\/p>\n","protected":false},"author":1,"featured_media":0,"comment_status":"closed","ping_status":"closed","sticky":false,"template":"","format":"standard","meta":[],"categories":[3],"tags":[],"_links":{"self":[{"href":"https:\/\/www.heinehaus.de\/index.php\/wp-json\/wp\/v2\/posts\/4890"}],"collection":[{"href":"https:\/\/www.heinehaus.de\/index.php\/wp-json\/wp\/v2\/posts"}],"about":[{"href":"https:\/\/www.heinehaus.de\/index.php\/wp-json\/wp\/v2\/types\/post"}],"author":[{"embeddable":true,"href":"https:\/\/www.heinehaus.de\/index.php\/wp-json\/wp\/v2\/users\/1"}],"replies":[{"embeddable":true,"href":"https:\/\/www.heinehaus.de\/index.php\/wp-json\/wp\/v2\/comments?post=4890"}],"version-history":[{"count":2,"href":"https:\/\/www.heinehaus.de\/index.php\/wp-json\/wp\/v2\/posts\/4890\/revisions"}],"predecessor-version":[{"id":4892,"href":"https:\/\/www.heinehaus.de\/index.php\/wp-json\/wp\/v2\/posts\/4890\/revisions\/4892"}],"wp:attachment":[{"href":"https:\/\/www.heinehaus.de\/index.php\/wp-json\/wp\/v2\/media?parent=4890"}],"wp:term":[{"taxonomy":"category","embeddable":true,"href":"https:\/\/www.heinehaus.de\/index.php\/wp-json\/wp\/v2\/categories?post=4890"},{"taxonomy":"post_tag","embeddable":true,"href":"https:\/\/www.heinehaus.de\/index.php\/wp-json\/wp\/v2\/tags?post=4890"}],"curies":[{"name":"wp","href":"https:\/\/api.w.org\/{rel}","templated":true}]}}