{"id":4954,"date":"2019-11-20T17:35:34","date_gmt":"2019-11-20T17:35:34","guid":{"rendered":"http:\/\/www.heinehaus.de\/?p=4954"},"modified":"2020-12-01T13:21:11","modified_gmt":"2020-12-01T12:21:11","slug":"beethoven-bei-uns","status":"publish","type":"post","link":"https:\/\/www.heinehaus.de\/index.php\/2019\/11\/20\/beethoven-bei-uns\/","title":{"rendered":"Beethoven bei uns"},"content":{"rendered":"\n<div class=\"wp-block-media-text alignwide is-stacked-on-mobile is-vertically-aligned-top\"><figure class=\"wp-block-media-text__media\"><img decoding=\"async\" loading=\"lazy\" width=\"424\" height=\"600\" src=\"http:\/\/relaunch.heinehaus.de\/wp-content\/uploads\/2019\/11\/TH_19_BeethovenBeiUns_A3_RZ_V2-424x600.jpg\" alt=\"\" class=\"wp-image-4962\" srcset=\"https:\/\/www.heinehaus.de\/wp-content\/uploads\/2019\/11\/TH_19_BeethovenBeiUns_A3_RZ_V2-424x600.jpg 424w, https:\/\/www.heinehaus.de\/wp-content\/uploads\/2019\/11\/TH_19_BeethovenBeiUns_A3_RZ_V2-212x300.jpg 212w, https:\/\/www.heinehaus.de\/wp-content\/uploads\/2019\/11\/TH_19_BeethovenBeiUns_A3_RZ_V2-768x1086.jpg 768w, https:\/\/www.heinehaus.de\/wp-content\/uploads\/2019\/11\/TH_19_BeethovenBeiUns_A3_RZ_V2.jpg 1403w\" sizes=\"(max-width: 424px) 100vw, 424px\" \/><\/figure><div class=\"wp-block-media-text__content\">\n<p><strong>14.12.2019, Sa. ab 16:00 Uhr<\/strong><br><strong>Beethoven (neu) entdeckt<br>Musikalische Lesung<br><\/strong><\/p>\n\n\n\n<p><strong>K\u00fcnstler*innen<\/strong><br>Dragos Manza | Violine<br>Christian Atanasiu | Viola<br>Christiane T\u00e9tard | Fl\u00f6te<br>der D\u00fcsseldorfer Symphoniker<br>Oliver El-Fayoumy | Sprecher<\/p>\n\n\n\n<p><strong>Programm<\/strong><br>Ludwig van Beethoven<br>Serenade D-Dur op. 25<br>Ausz\u00fcge aus Beethovens Briefe<\/p>\n<\/div><\/div>\n\n\n\n<p>Inmitten des urbanen Trubels der Altstadt befindet sich die Buchhandlung M\u00fcller &amp; B\u00f6hm im Heine Haus auf der Bolkerstra\u00dfe sozusagen im Auge des Zyklons. Dort erwarten Sie am Sa. 14.12. ab 16 Uhr drei Musiker*innen der D\u00fcsseldorfer Symphoniker und der Schauspieler und Sprecher Oliver El-Fayoumy, die sich mit einem kurzweiligen Wechselspiel aus Musik und Sprache dem geb\u00fcrtigen Rheinl\u00e4nder Ludwig van Beethoven widmen werden.<br>Das Konzert findet im Rahmen von \u201eBeethoven bei uns\u201c statt, einer bundesweiten Initiative, die mit (halb-)\u00f6ffentlichen Hauskonzerten den Auftakt zum offiziellen Beethovenjahr 2020 bildet.<\/p>\n\n\n\n<p><strong>Ort:<\/strong> Heine Haus Literaturhaus D\u00fcsseldorf, Bolkerstr. 53, 40213 D\u00fcsseldorf.<br>Sie sind herzlich eingeladen, Eintritt frei, Anmeldung erw\u00fcnscht<\/p>\n\n\n\n<p><em>Veranstalter: Tonhalle D\u00fcsseldorf in Kooperation mit M\u00fcller &amp; B\u00f6hm Literaturhandlung im Heine Haus<\/em><\/p>\n","protected":false},"excerpt":{"rendered":"<p>14.12.2019, Sa. ab 16:00 UhrBeethoven (neu) entdecktMusikalische Lesung K\u00fcnstler*innenDragos Manza | ViolineChristian Atanasiu | ViolaChristiane T\u00e9tard | Fl\u00f6teder D\u00fcsseldorfer SymphonikerOliver El-Fayoumy | Sprecher ProgrammLudwig van BeethovenSerenade D-Dur op. 25Ausz\u00fcge aus Beethovens Briefe Inmitten des urbanen Trubels der Altstadt befindet sich die Buchhandlung M\u00fcller &amp; B\u00f6hm im Heine Haus auf der Bolkerstra\u00dfe sozusagen im Auge des Zyklons. Dort erwarten Sie am Sa. 14.12. ab 16 Uhr drei Musiker*innen der D\u00fcsseldorfer Symphoniker und der Schauspieler und Sprecher Oliver El-Fayoumy, die sich mit einem kurzweiligen Wechselspiel aus Musik und Sprache dem geb\u00fcrtigen Rheinl\u00e4nder Ludwig van Beethoven widmen werden.Das Konzert findet im Rahmen von \u201eBeethoven bei uns\u201c statt, einer bundesweiten Initiative, die mit (halb-)\u00f6ffentlichen Hauskonzerten den Auftakt zum offiziellen Beethovenjahr 2020 bildet. Ort: Heine&#8230;<\/p>\n","protected":false},"author":2,"featured_media":0,"comment_status":"closed","ping_status":"closed","sticky":false,"template":"","format":"standard","meta":[],"categories":[3],"tags":[],"_links":{"self":[{"href":"https:\/\/www.heinehaus.de\/index.php\/wp-json\/wp\/v2\/posts\/4954"}],"collection":[{"href":"https:\/\/www.heinehaus.de\/index.php\/wp-json\/wp\/v2\/posts"}],"about":[{"href":"https:\/\/www.heinehaus.de\/index.php\/wp-json\/wp\/v2\/types\/post"}],"author":[{"embeddable":true,"href":"https:\/\/www.heinehaus.de\/index.php\/wp-json\/wp\/v2\/users\/2"}],"replies":[{"embeddable":true,"href":"https:\/\/www.heinehaus.de\/index.php\/wp-json\/wp\/v2\/comments?post=4954"}],"version-history":[{"count":6,"href":"https:\/\/www.heinehaus.de\/index.php\/wp-json\/wp\/v2\/posts\/4954\/revisions"}],"predecessor-version":[{"id":5874,"href":"https:\/\/www.heinehaus.de\/index.php\/wp-json\/wp\/v2\/posts\/4954\/revisions\/5874"}],"wp:attachment":[{"href":"https:\/\/www.heinehaus.de\/index.php\/wp-json\/wp\/v2\/media?parent=4954"}],"wp:term":[{"taxonomy":"category","embeddable":true,"href":"https:\/\/www.heinehaus.de\/index.php\/wp-json\/wp\/v2\/categories?post=4954"},{"taxonomy":"post_tag","embeddable":true,"href":"https:\/\/www.heinehaus.de\/index.php\/wp-json\/wp\/v2\/tags?post=4954"}],"curies":[{"name":"wp","href":"https:\/\/api.w.org\/{rel}","templated":true}]}}