{"id":5028,"date":"2020-01-10T11:33:19","date_gmt":"2020-01-10T11:33:19","guid":{"rendered":"http:\/\/www.heinehaus.de\/?p=5028"},"modified":"2020-07-24T15:12:47","modified_gmt":"2020-07-24T15:12:47","slug":"unsere-veranstaltungen-februar-maerz-2020","status":"publish","type":"post","link":"https:\/\/www.heinehaus.de\/index.php\/2020\/01\/10\/unsere-veranstaltungen-februar-maerz-2020\/","title":{"rendered":"Unsere Veranstaltungen Februar, M\u00e4rz 2020"},"content":{"rendered":"<p><strong>+++<\/strong> Die \u00f6sterreichische Schriftstellerin, \u00dcbersetzerin und Journalistin <a href=\"https:\/\/www.heinehaus.de\/index.php\/2020\/01\/10\/auslese-erika-fischer\/\"><strong>Erica Fischer<\/strong> <\/a>bestreitet in diesem Jahr die erste Veranstaltung der Reihe \u00bbAuslese \u2013 B\u00fccher f\u00fcr die Sammlung\u00ab in der Kunstsammlung NRW. <strong>Am 2. Februar +++ <a href=\"https:\/\/www.heinehaus.de\/index.php\/2020\/01\/10\/auslese-erika-fischer\/\" target=\"_blank\" rel=\"noopener noreferrer\">mehr<\/a><\/strong><\/p>\n<p><strong>+++\u00a0<a href=\"https:\/\/www.heinehaus.de\/index.php\/2020\/01\/10\/delius2020\/\"> Friedrich Christian Delius<\/a><\/strong> liest aus seinem neuen widerborstigen, pointierten, hochpolitischen und hellsichtigen Roman <em>Wenn die Chinesen R\u00fcgen kaufen, dann denkt an mich<\/em> am <strong>11. Februar +++ <a href=\"https:\/\/www.heinehaus.de\/index.php\/2020\/01\/10\/delius2020\/\">mehr<\/a><\/strong><\/p>\n<p><strong>+++ <a href=\"https:\/\/www.heinehaus.de\/index.php\/2020\/01\/27\/katharina-hacker-2\/\"><strong>Katharina Hacker <\/strong><\/a><\/strong>liest in der Reihe <em>Neue deutsche Literatur<\/em> aus\u00a0 ihren <em>Minutenessays<\/em> im Heine Haus . Am<strong> Mittwoch 26. Februar +++ <a href=\"https:\/\/www.heinehaus.de\/index.php\/2020\/01\/27\/katharina-hacker-2\/\">mehr<\/a><\/strong><\/p>\n<p>+++ Schiefer, dem vielgestaltigen, wandlungsf\u00e4higen Sedimentgestein, und den Slate Islands, einem kleinen Archipel vor der Westk\u00fcste Schottlands, ist<a href=\"https:\/\/www.heinehaus.de\/index.php\/2020\/01\/10\/esther-kinsky\/\"><strong> Esther Kinskys<\/strong> <\/a>neues Buch gewidmet. Sie kommt am<strong> 9. M\u00e4rz<\/strong> ins Heine Haus. <strong>+++<\/strong><a href=\"https:\/\/www.heinehaus.de\/index.php\/2020\/01\/10\/esther-kinsky\/\"><strong> mehr<\/strong><\/a><\/p>\n<p><strong>+++<\/strong> Eine Veranstaltung f\u00fcr Schulen: Die schwedische Kinderbuchautorin <a href=\"https:\/\/www.heinehaus.de\/index.php\/2020\/01\/10\/rose-lagercrantz\/\"><strong>Rose Lagercrantz<\/strong><\/a> stellt ihr neues Buch<em> So gl\u00fccklich wie noch nie<\/em> vor. Am <strong>11. M\u00e4rz +++<a href=\"https:\/\/www.heinehaus.de\/index.php\/2020\/01\/10\/rose-lagercrantz\/\"> mehr<\/a><\/strong><\/p>\n<p><strong>+++<\/strong> M\u00fchelos verwebt <a href=\"https:\/\/www.heinehaus.de\/index.php\/2020\/01\/10\/waterdrinker\/\"><strong>Pieter Waterdrinker<\/strong><\/a> in seinem Buch <em>Tschaikowskistra\u00dfe 40<\/em> die Geschichte Russlands mit seiner eigenen, l\u00e4sst Vergangenes und Gegenw\u00e4rtiges ineinanderflie\u00dfen. Er liest daraus am<strong> 16. M\u00e4rz +++ <a href=\"https:\/\/www.heinehaus.de\/index.php\/2020\/01\/10\/waterdrinker\/\">mehr<\/a><\/strong><\/p>\n<p><strong>+++<a href=\"https:\/\/www.heinehaus.de\/index.php\/2020\/01\/10\/aris-fioretos\/\"> Aris Fioretos<\/a><\/strong> erz\u00e4hlt in seinem neuen Roman die faszinierende Geschichte einer deutschen Flugpionierin Nelly B. im Berlin der zwanziger Jahre.<strong>+++<a href=\"https:\/\/www.heinehaus.de\/index.php\/2020\/01\/10\/aris-fioretos\/\"> mehr<\/a><\/strong><\/p>\n<p>+++Am <strong>23. M\u00e4rz<\/strong> stellt die kamerunische Autorin <a href=\"https:\/\/www.heinehaus.de\/index.php\/2020\/02\/27\/hemley-boum\/\"><strong>Hemley Boum<\/strong><\/a> ihren Roman <em>Gesang f\u00fcr die Verlorenen<\/em> vor+++<strong><a href=\"https:\/\/www.heinehaus.de\/index.php\/2020\/02\/27\/hemley-boum\/\"> mehr<\/a><\/strong><\/p>\n<p>\u00a0<\/p>\n\n\n<p><\/p>\n","protected":false},"excerpt":{"rendered":"<p>+++ Die \u00f6sterreichische Schriftstellerin, \u00dcbersetzerin und Journalistin Erica Fischer bestreitet in diesem Jahr die erste Veranstaltung der Reihe \u00bbAuslese \u2013 B\u00fccher f\u00fcr die Sammlung\u00ab in der Kunstsammlung NRW. Am 2. Februar +++ mehr +++\u00a0 Friedrich Christian Delius liest aus seinem neuen widerborstigen, pointierten, hochpolitischen und hellsichtigen Roman Wenn die Chinesen R\u00fcgen kaufen, dann denkt an mich am 11. Februar +++ mehr +++ Katharina Hacker liest in der Reihe Neue deutsche Literatur aus\u00a0 ihren Minutenessays im Heine Haus . Am Mittwoch 26. Februar +++ mehr +++ Schiefer, dem vielgestaltigen, wandlungsf\u00e4higen Sedimentgestein, und den Slate Islands, einem kleinen Archipel vor der Westk\u00fcste Schottlands, ist Esther Kinskys neues Buch gewidmet. Sie kommt am 9. M\u00e4rz ins Heine Haus. +++ mehr +++ Eine Veranstaltung&#8230;<\/p>\n","protected":false},"author":1,"featured_media":0,"comment_status":"closed","ping_status":"open","sticky":false,"template":"","format":"standard","meta":[],"categories":[1],"tags":[],"_links":{"self":[{"href":"https:\/\/www.heinehaus.de\/index.php\/wp-json\/wp\/v2\/posts\/5028"}],"collection":[{"href":"https:\/\/www.heinehaus.de\/index.php\/wp-json\/wp\/v2\/posts"}],"about":[{"href":"https:\/\/www.heinehaus.de\/index.php\/wp-json\/wp\/v2\/types\/post"}],"author":[{"embeddable":true,"href":"https:\/\/www.heinehaus.de\/index.php\/wp-json\/wp\/v2\/users\/1"}],"replies":[{"embeddable":true,"href":"https:\/\/www.heinehaus.de\/index.php\/wp-json\/wp\/v2\/comments?post=5028"}],"version-history":[{"count":14,"href":"https:\/\/www.heinehaus.de\/index.php\/wp-json\/wp\/v2\/posts\/5028\/revisions"}],"predecessor-version":[{"id":5558,"href":"https:\/\/www.heinehaus.de\/index.php\/wp-json\/wp\/v2\/posts\/5028\/revisions\/5558"}],"wp:attachment":[{"href":"https:\/\/www.heinehaus.de\/index.php\/wp-json\/wp\/v2\/media?parent=5028"}],"wp:term":[{"taxonomy":"category","embeddable":true,"href":"https:\/\/www.heinehaus.de\/index.php\/wp-json\/wp\/v2\/categories?post=5028"},{"taxonomy":"post_tag","embeddable":true,"href":"https:\/\/www.heinehaus.de\/index.php\/wp-json\/wp\/v2\/tags?post=5028"}],"curies":[{"name":"wp","href":"https:\/\/api.w.org\/{rel}","templated":true}]}}