{"id":5552,"date":"2020-10-07T11:10:00","date_gmt":"2020-10-07T09:10:00","guid":{"rendered":"http:\/\/relaunch.heinehaus.de\/?p=5552"},"modified":"2020-12-01T11:21:12","modified_gmt":"2020-12-01T10:21:12","slug":"martin-baltscheit-geschichte-vom-loewen-der-nicht-schlafen-konnte","status":"publish","type":"post","link":"https:\/\/www.heinehaus.de\/index.php\/2020\/10\/07\/martin-baltscheit-geschichte-vom-loewen-der-nicht-schlafen-konnte\/","title":{"rendered":"Martin Baltscheit. Geschichte vom L\u00f6wen, der nicht schlafen konnte."},"content":{"rendered":"\n<p><strong>17.10.<\/strong> <strong>2020, Sa., 16 Uhr Martin Baltscheit.<\/strong><br><strong>Geschichte vom L\u00f6wen, der nicht schlafen konnte. (BELTZ)<\/strong><br>Leseshow in der Reihe<em> Literaturhaus Heine f\u00fcr Gro\u00dfe und Kleine<\/em><\/p>\n\n\n\n<!--more-->\n\n\n\n<p>In der Savanne wird es Zeit Gute Nacht zu sagen, die Tiere legen sich zur Ruh. Nur einer findet partout nicht in den Schlaf, der L\u00f6we! Vom w\u00fctenden Br\u00fcllen sind alle Tiere wieder hellwach\u2026 Der in D\u00fcsseldorf lebende Schriftsteller, Illustrator, Schauspieler, Sprecher und Regisseur Martin Baltscheit performt einen l\u00f6wenstarken Nachmittag f\u00fcr die ganze Familie im Heine Haus.<br><strong>Martin Baltscheit<\/strong> (*1965 in D\u00fcsseldorf) ist ein deutscher Comiczeichner, Illustrator, Schriftsteller, Schauspieler und Regisseur. Er erhielt u.a. 2001 den F\u00f6rder preis f\u00fcr Literatur der Stadt D\u00fcsseldorf, 2010 den Deutschen Jugendtheaterpreis, 2018 den Preis der deutschen Filmkritik und 2018 den Kinderh\u00f6rspielpreis des MDR.<\/p>\n\n\n\n<p><strong>Ort:<\/strong> Heine Haus Literaturhaus D\u00fcsseldorf, Bolkerstr. 53, 40213 D\u00fcsseldorf.<br><strong>Eintritt: <\/strong>EUR 8,\u2013, Kinder- und Jugendliche frei<\/p>\n","protected":false},"excerpt":{"rendered":"<p>17.10. 2020, Sa., 16 Uhr Martin Baltscheit.<br \/>\nGeschichte vom L\u00f6wen, der nicht schlafen konnte. (BELTZ)<br \/>\nLeseshow in der Reihe Literaturhaus Heine f\u00fcr Gro\u00dfe und Kleine<\/p>\n","protected":false},"author":1,"featured_media":0,"comment_status":"closed","ping_status":"closed","sticky":false,"template":"","format":"standard","meta":[],"categories":[31,3],"tags":[],"_links":{"self":[{"href":"https:\/\/www.heinehaus.de\/index.php\/wp-json\/wp\/v2\/posts\/5552"}],"collection":[{"href":"https:\/\/www.heinehaus.de\/index.php\/wp-json\/wp\/v2\/posts"}],"about":[{"href":"https:\/\/www.heinehaus.de\/index.php\/wp-json\/wp\/v2\/types\/post"}],"author":[{"embeddable":true,"href":"https:\/\/www.heinehaus.de\/index.php\/wp-json\/wp\/v2\/users\/1"}],"replies":[{"embeddable":true,"href":"https:\/\/www.heinehaus.de\/index.php\/wp-json\/wp\/v2\/comments?post=5552"}],"version-history":[{"count":4,"href":"https:\/\/www.heinehaus.de\/index.php\/wp-json\/wp\/v2\/posts\/5552\/revisions"}],"predecessor-version":[{"id":5688,"href":"https:\/\/www.heinehaus.de\/index.php\/wp-json\/wp\/v2\/posts\/5552\/revisions\/5688"}],"wp:attachment":[{"href":"https:\/\/www.heinehaus.de\/index.php\/wp-json\/wp\/v2\/media?parent=5552"}],"wp:term":[{"taxonomy":"category","embeddable":true,"href":"https:\/\/www.heinehaus.de\/index.php\/wp-json\/wp\/v2\/categories?post=5552"},{"taxonomy":"post_tag","embeddable":true,"href":"https:\/\/www.heinehaus.de\/index.php\/wp-json\/wp\/v2\/tags?post=5552"}],"curies":[{"name":"wp","href":"https:\/\/api.w.org\/{rel}","templated":true}]}}