{"id":563,"date":"2011-04-13T08:43:10","date_gmt":"2011-04-13T08:43:10","guid":{"rendered":"http:\/\/www.heinehaus.de\/?p=563"},"modified":"2011-04-13T08:43:57","modified_gmt":"2011-04-13T08:43:57","slug":"zsuzsabank","status":"publish","type":"post","link":"https:\/\/www.heinehaus.de\/index.php\/2011\/04\/13\/zsuzsabank\/","title":{"rendered":"Zsuzsa B\u00e1nk. Die hellen Tage."},"content":{"rendered":"<p><strong>11.05.2011, Mi. 19:30 Uhr<br \/>\nZsuzsa B\u00e1nk.<br \/>\nDie hellen Tage. (Verlag S. Fischer)<\/strong><br \/>\nAutorenlesung in der Reihe Neue Deutsche Literatur<\/p>\n<p>Ein endloser Sommer in einem Nest in S\u00fcddeutschland, in den sechziger Jahren: dort l\u00e4sst Zsuzsa B\u00e1nk die Geschichte einer M\u00e4dchenfreundschaft beginnen. Seri und Aja sind unzertrennlich wie Schwestern: \u201eWir fanden uns, wie sich Kinder finden, ohne zu z\u00f6gern, ohne Umst\u00e4nde.\u201d Als sich zu den Freundinnen Karl hinzugesellt, erweitert sich die Grundkonstellation des Romans zum Dreieck, der instabilsten aller Beziehungsformen. Allm\u00e4hlich freunden sich auch die M\u00fctter der Kinder miteinander an. Doch die Idylle des Sommers tr\u00fcgt, denn die drei Familien sind keineswegs so heil, wie es zun\u00e4chst den Anschein hat. Zsuzsa B\u00e1nk begleitet die Freunde durch Jugend und Studium bis nach Rom, wo aus den unzertrennlichen Freundinnen Rivalinnen um Karls Liebe werden.<br \/>\n<em>\u201eEine poetisch-melancholische Erz\u00e4hlerin, zart, aber auch kraftvoll und ausgesprochen sicher in der Wahl ihrer Mittel.\u201d (Hubert Spiegel, FAZ)<\/em><br \/>\n<em><\/em><\/p>\n<p><em>Moderation: Martin Krumbholz (freier Journalist u.a. NZZ) <\/em><\/p>\n<p><em>Veranstalter: Verein zur F\u00f6rderung des Heinrich-Heine-Geburtshauses e.V., M\u00fcller &amp; B\u00f6hm Literaturhandlung <\/em><br \/>\n<em><strong>Ort: Heine Haus, Bolkerstr. 53, 40213 D\u00fcsseldorf.<\/strong><\/em><em><br \/>\n<\/em>Eintritt:  EUR 8,\u2013\/6,\u2013 (erm.)<\/p>\n","protected":false},"excerpt":{"rendered":"<p>11.05.2011, Mi. 19:30 Uhr Zsuzsa B\u00e1nk. Die hellen Tage. (Verlag S. Fischer) Autorenlesung in der Reihe Neue Deutsche Literatur Ein endloser Sommer in einem Nest in S\u00fcddeutschland, in den sechziger Jahren: dort l\u00e4sst Zsuzsa B\u00e1nk die Geschichte einer M\u00e4dchenfreundschaft beginnen. Seri und Aja sind unzertrennlich wie Schwestern: \u201eWir fanden uns, wie sich Kinder finden, ohne zu z\u00f6gern, ohne Umst\u00e4nde.\u201d Als sich zu den Freundinnen Karl hinzugesellt, erweitert sich die Grundkonstellation des Romans zum Dreieck, der instabilsten aller Beziehungsformen. Allm\u00e4hlich freunden sich auch die M\u00fctter der Kinder miteinander an. Doch die Idylle des Sommers tr\u00fcgt, denn die drei Familien sind keineswegs so heil, wie es zun\u00e4chst den Anschein hat. Zsuzsa B\u00e1nk begleitet die Freunde durch Jugend und Studium bis nach Rom,&#8230;<\/p>\n","protected":false},"author":1,"featured_media":0,"comment_status":"open","ping_status":"open","sticky":false,"template":"","format":"standard","meta":[],"categories":[3],"tags":[],"_links":{"self":[{"href":"https:\/\/www.heinehaus.de\/index.php\/wp-json\/wp\/v2\/posts\/563"}],"collection":[{"href":"https:\/\/www.heinehaus.de\/index.php\/wp-json\/wp\/v2\/posts"}],"about":[{"href":"https:\/\/www.heinehaus.de\/index.php\/wp-json\/wp\/v2\/types\/post"}],"author":[{"embeddable":true,"href":"https:\/\/www.heinehaus.de\/index.php\/wp-json\/wp\/v2\/users\/1"}],"replies":[{"embeddable":true,"href":"https:\/\/www.heinehaus.de\/index.php\/wp-json\/wp\/v2\/comments?post=563"}],"version-history":[{"count":4,"href":"https:\/\/www.heinehaus.de\/index.php\/wp-json\/wp\/v2\/posts\/563\/revisions"}],"predecessor-version":[{"id":592,"href":"https:\/\/www.heinehaus.de\/index.php\/wp-json\/wp\/v2\/posts\/563\/revisions\/592"}],"wp:attachment":[{"href":"https:\/\/www.heinehaus.de\/index.php\/wp-json\/wp\/v2\/media?parent=563"}],"wp:term":[{"taxonomy":"category","embeddable":true,"href":"https:\/\/www.heinehaus.de\/index.php\/wp-json\/wp\/v2\/categories?post=563"},{"taxonomy":"post_tag","embeddable":true,"href":"https:\/\/www.heinehaus.de\/index.php\/wp-json\/wp\/v2\/tags?post=563"}],"curies":[{"name":"wp","href":"https:\/\/api.w.org\/{rel}","templated":true}]}}