{"id":6335,"date":"2021-09-12T11:00:00","date_gmt":"2021-09-12T09:00:00","guid":{"rendered":"https:\/\/www.heinehaus.de\/?p=6335"},"modified":"2022-02-10T15:13:38","modified_gmt":"2022-02-10T14:13:38","slug":"gesine-grotrian-plastik-muell-ich","status":"publish","type":"post","link":"https:\/\/www.heinehaus.de\/index.php\/2021\/09\/12\/gesine-grotrian-plastik-muell-ich\/","title":{"rendered":"Gesine Grotrian. Plastik, M\u00fcll &#038; Ich"},"content":{"rendered":"\n<p><strong>24.11.2021, Mi., 11.00 Uhr<br>Gesine Grotrian. Plastik, M\u00fcll &amp; Ich \u2013 Pack aus! <\/strong>(Heinrich B\u00f6ll Stiftung)<br>Buchvorstellung und Gespr\u00e4ch in der Reihe <em>Literaturhaus Heine f\u00fcr Gro\u00dfe &amp; Kleine<\/em><br><br><strong><span class=\"has-inline-color has-vivid-red-color\">Verschoben auf Fr\u00fchjahr 2022<\/span><\/strong><\/p>\n\n\n\n<p><\/p>\n\n\n\n<!--more-->\n\n\n\n<p>Plastik ist von gro\u00dfem Nutzen. Aber Plastik ist auch ein riesengro\u00dfes Problem. Die Herstellung ben\u00f6tigt gewaltige Mengen fossiler Rohstoffe, sein Konsum f\u00f6rdert die Wegwerfmentalit\u00e4t, weltweit ertrinken mittlerweile ganze Landstriche im Plastikm\u00fcll, in Partikelform lagert es sich in den K\u00f6rpern von Mensch und Tier ein, versickert in B\u00f6den, vergiftet die Meere. Es wird Zeit, sich mit diesem Problem zu besch\u00e4ftigen und es zu l\u00f6sen. Die Heinrich-B\u00f6ll-Stiftung und die mehrfach ausgezeichnete Buchgestalterin <strong>Gesine Grotrian <\/strong>haben in enger Zusammenarbeit mit Jugendlichen ein Buch f\u00fcr Menschen ab 12&nbsp;Jahren entwickelt, das schn\u00f6rkellos, bunt und klar verst\u00e4ndlich die Geschichte, die Herstellung und die Risiken unseres Plastikkonsums beschreibt. Zudem zeigt es Alternativen und Auswege, mit Plastik und seinen Gefahren umzugehen.<\/p>\n\n\n\n<p><em>Moderation:<\/em> Ute Wegmann (Autorin von Kinderb\u00fcchern, Literaturkritikern, u.a. Deutschlandfunk)<\/p>\n\n\n\n<p><em><strong>Geschlossene Veranstaltung f\u00fcr Schulen. Anmeldung erforderlich.<\/strong><\/em><\/p>\n\n\n\n<p>Die Veranstaltung wird gef\u00f6rdert von der  Kunst- und Kulturstiftung der Stadtsparkasse D\u00fcsseldorf<\/p>\n","protected":false},"excerpt":{"rendered":"<p>24.11.2021, Mi., 11.00 UhrGesine Grotrian. Plastik, M\u00fcll &amp; Ich \u2013 Pack aus! (Heinrich B\u00f6ll Stiftung)Buchvorstellung und Gespr\u00e4ch in der Reihe Literaturhaus Heine f\u00fcr Gro\u00dfe &amp; Kleine Verschoben auf Fr\u00fchjahr 2022<\/p>\n","protected":false},"author":2,"featured_media":0,"comment_status":"closed","ping_status":"closed","sticky":false,"template":"","format":"standard","meta":[],"categories":[1,36],"tags":[],"_links":{"self":[{"href":"https:\/\/www.heinehaus.de\/index.php\/wp-json\/wp\/v2\/posts\/6335"}],"collection":[{"href":"https:\/\/www.heinehaus.de\/index.php\/wp-json\/wp\/v2\/posts"}],"about":[{"href":"https:\/\/www.heinehaus.de\/index.php\/wp-json\/wp\/v2\/types\/post"}],"author":[{"embeddable":true,"href":"https:\/\/www.heinehaus.de\/index.php\/wp-json\/wp\/v2\/users\/2"}],"replies":[{"embeddable":true,"href":"https:\/\/www.heinehaus.de\/index.php\/wp-json\/wp\/v2\/comments?post=6335"}],"version-history":[{"count":7,"href":"https:\/\/www.heinehaus.de\/index.php\/wp-json\/wp\/v2\/posts\/6335\/revisions"}],"predecessor-version":[{"id":6439,"href":"https:\/\/www.heinehaus.de\/index.php\/wp-json\/wp\/v2\/posts\/6335\/revisions\/6439"}],"wp:attachment":[{"href":"https:\/\/www.heinehaus.de\/index.php\/wp-json\/wp\/v2\/media?parent=6335"}],"wp:term":[{"taxonomy":"category","embeddable":true,"href":"https:\/\/www.heinehaus.de\/index.php\/wp-json\/wp\/v2\/categories?post=6335"},{"taxonomy":"post_tag","embeddable":true,"href":"https:\/\/www.heinehaus.de\/index.php\/wp-json\/wp\/v2\/tags?post=6335"}],"curies":[{"name":"wp","href":"https:\/\/api.w.org\/{rel}","templated":true}]}}