{"id":7385,"date":"2023-10-16T12:00:00","date_gmt":"2023-10-16T10:00:00","guid":{"rendered":"https:\/\/www.heinehaus.de\/?p=7385"},"modified":"2024-03-11T11:38:30","modified_gmt":"2024-03-11T10:38:30","slug":"andrea-ernst-global-female-future","status":"publish","type":"post","link":"https:\/\/www.heinehaus.de\/index.php\/2023\/10\/16\/andrea-ernst-global-female-future\/","title":{"rendered":"Andrea Ernst. Global Female Future."},"content":{"rendered":"\n<p><strong>Zu Gast im Heine Haus<br>08.03.2024, Fr., 17:00 Uhr<br>Andrea Ernst. Global Female Future.<\/strong><br>Buchvorstellung und Gespr\u00e4ch, zu Gast im Heine Haus: GR\u00dcNE in D\u00fcsseldorf-Mitte.<\/p>\n\n\n\n<p><a href=\"https:\/\/www.heinehaus.de\/index.php\/2024\/02\/22\/andrea-ernst-global-female-future\/\">\u00bb\u00bb<\/a><\/p>\n\n\n\n<!--more-->\n\n\n\n<p>Zum Frauentag am 8. M\u00e4rz 2024 werden <strong>GR\u00dcNE D\u00fcsseldorf-Mitte<\/strong> die Filmemacherin und Autorin Andrea Ernst im Heine Haus Literaturhaus D\u00fcsseldorf begr\u00fc\u00dfen. Andrea Ernst ist Mit-Herausgeberin des Buches <em>Global Female Future &#8211; Wie feministische K\u00e4mpfe Arbeit, \u00d6kologie und Politik ver\u00e4ndern<\/em>. Hieraus wird sie zu den &#8211; gerade heute aktuellen &#8211; Themen Rassismus und Care-Arbeit von Frauen vortragen und mit uns diskutieren.<\/p>\n\n\n\n<p><strong>Andrea Ernst<\/strong>, geboren in Ober\u00f6sterreich, Studium in Wien, nach dem Studium der Sozialwissenschaften arbeitet sie als freie Autorin. Von 2002 \u2013 2007 ist Andrea Ernst stellvertretende ARTE-Beauftragte des Westdeutschen Rundfunks (WDR) in K\u00f6ln, sie entwickelt eigene Sendereihen und arbeitet als Redaktionsleiterin im Bereich \u201eKultur und Wissenschaft\u201c. F\u00fcr die ARD und den WDR verantwortet sie eine lange Reihe mehrfach ausgezeichneter (Kino-)Dokumentarfilme, Dokumentationsreihen sowie internationale Koproduktionen. Seit 2019 entwickelt sie als unabh\u00e4ngige Autorin und Filmemacherin dokumentarische Stoffe und arbeitet als freie Dramaturgin, Publizistin und Regisseurin.<\/p>\n\n\n\n<p>F\u00fcr den musikalischen Part sorgt Dr. Frederike M\u00f6ller (Pianistin und Intendantin des Internationalen D\u00fcsseldorfer Orgelfestivals) mit St\u00fccken von Clara Schumann.<br>Sara Nanni (MdB und Friedens- und Konfliktforscherin) wird aus der Politik berichten. Moderiert wird die Veranstaltung von Bernadette Niehaus (Co-Sprecherin GR\u00dcNE in D\u00fcsseldorf-Mitte).<\/p>\n\n\n\n<p>Eingeladen sind alle Interessierten. Der Eintritt ist kostenlos.<\/p>\n\n\n\n<p>Eine Veranstaltung von GR\u00dcNE D\u00fcsseldorf-Mitte in Kooperation mit Heine Haus Literaturhaus D\u00fcsseldorf.<\/p>\n","protected":false},"excerpt":{"rendered":"<p>Zu Gast im Heine Haus08.03.2024, Fr., 17:00 UhrAndrea Ernst. Global Female Future.Buchvorstellung und Gespr\u00e4ch, zu Gast im Heine Haus: GR\u00dcNE in D\u00fcsseldorf-Mitte. \u00bb\u00bb<\/p>\n","protected":false},"author":2,"featured_media":0,"comment_status":"closed","ping_status":"closed","sticky":false,"template":"","format":"standard","meta":[],"categories":[1,36],"tags":[],"_links":{"self":[{"href":"https:\/\/www.heinehaus.de\/index.php\/wp-json\/wp\/v2\/posts\/7385"}],"collection":[{"href":"https:\/\/www.heinehaus.de\/index.php\/wp-json\/wp\/v2\/posts"}],"about":[{"href":"https:\/\/www.heinehaus.de\/index.php\/wp-json\/wp\/v2\/types\/post"}],"author":[{"embeddable":true,"href":"https:\/\/www.heinehaus.de\/index.php\/wp-json\/wp\/v2\/users\/2"}],"replies":[{"embeddable":true,"href":"https:\/\/www.heinehaus.de\/index.php\/wp-json\/wp\/v2\/comments?post=7385"}],"version-history":[{"count":3,"href":"https:\/\/www.heinehaus.de\/index.php\/wp-json\/wp\/v2\/posts\/7385\/revisions"}],"predecessor-version":[{"id":7389,"href":"https:\/\/www.heinehaus.de\/index.php\/wp-json\/wp\/v2\/posts\/7385\/revisions\/7389"}],"wp:attachment":[{"href":"https:\/\/www.heinehaus.de\/index.php\/wp-json\/wp\/v2\/media?parent=7385"}],"wp:term":[{"taxonomy":"category","embeddable":true,"href":"https:\/\/www.heinehaus.de\/index.php\/wp-json\/wp\/v2\/categories?post=7385"},{"taxonomy":"post_tag","embeddable":true,"href":"https:\/\/www.heinehaus.de\/index.php\/wp-json\/wp\/v2\/tags?post=7385"}],"curies":[{"name":"wp","href":"https:\/\/api.w.org\/{rel}","templated":true}]}}