{"id":7842,"date":"2025-01-03T10:00:00","date_gmt":"2025-01-03T09:00:00","guid":{"rendered":"https:\/\/www.heinehaus.de\/?p=7842"},"modified":"2025-07-18T13:09:35","modified_gmt":"2025-07-18T11:09:35","slug":"wim-hofman-was-wir-hatten-und-was-nicht-gedichte","status":"publish","type":"post","link":"https:\/\/www.heinehaus.de\/index.php\/2025\/01\/03\/wim-hofman-was-wir-hatten-und-was-nicht-gedichte\/","title":{"rendered":"Wim Hofman. Was wir hatten und was nicht. (Gedichte)"},"content":{"rendered":"\n<p><strong>03.07.2025, Do., 19:30 Uhr<br>Wim Hofman. Was wir hatten und was nicht. (Gedichte) <\/strong>Zweisprachige Ausgabe. (Secession Verlag)<br>Aus dem Niederl\u00e4ndischen von Hedwig von B\u00fclow mit einem Vorwort von Rudolf M\u00fcller.<br>Autorenlesung und Gespr\u00e4ch in der Reihe: <em>Literatur der Nachbarn<\/em><\/p>\n\n\n\n<p><a href=\"https:\/\/www.heinehaus.de\/index.php\/2025\/01\/07\/wim-hofman-was-wir-hatten-und-was-nicht-gedichte\/\">\u00bb\u00bb<\/a><\/p>\n\n\n\n<!--more-->\n\n\n\n<p>Wie zu einem Dreiklang f\u00fcgen sich in dieser Dichtung Sprache, Bildhaftigkeit und Musikalit\u00e4t. Wim Hofman ist Schriftsteller und Dichter, aber auch Maler und Illustrator und er musiziert. In dem Titelgedicht <em>Was wir hatten und was nicht<\/em> erinnert Wim Hofman an die Kriegs- und Nachkriegsjahre seiner Kindheit. Mit Mutter und Bruder nach Brabant gefl\u00fcchtet, fanden sie bei der R\u00fcckkehr in die niederl\u00e4ndische Hafenstadt Vlissingen ein durch Bomben zerst\u00f6rtes Elternhaus vor und eine von Meerwasser \u00fcberflutete Stadt. Ein Gedicht schreiben ist wie das Sammeln von Strandgut, sagt Hofman, man hebt es auf, sortiert es und wartet, bis es etwas Erstaunliches aufruft oder erz\u00e4hlt.<\/p>\n\n\n\n<p><strong>Wim Hofman<\/strong>, geboren 1941 in Oostkapelle, wuchs in Valkenswaard und in Vlissingen auf. Er interessiert sich f\u00fcr Kunst und beginnt zu schreiben und zu malen. Hofman schreibt Gedichte und Theaterst\u00fccke. Studium der Philosophie und Theologie in den Niederlanden, England und Belgien. Er erh\u00e4lt f\u00fcr seine B\u00fccher und f\u00fcr sein illustratives Werk hohe Preise, ist Redaktionsmitglied verschiedener Zeitschriften und schreibt w\u00f6chentlich eine Kolumne f\u00fcr die Tageszeitung PCZ. <\/p>\n\n\n\n<p><em>Moderation: Rudolf M\u00fcller (Literaturhandlung im Heine Haus)<\/em><\/p>\n\n\n\n<p><strong>Eintritt<\/strong>: EUR 12,-\/8,- (Erm.)<br>Reservierung unter:&nbsp;<a href=\"mailto:info%40heinehaus.de\" target=\"_blank\" rel=\"noreferrer noopener\">info@heinehaus.de<\/a>. Tel.: 0211 200 54 294<\/p>\n","protected":false},"excerpt":{"rendered":"<p><strong>03.07.2025, Do., 19:30 Uhr<br \/>\nWim Hofman. Was wir hatten und was nicht (Gedichte).<\/strong> Zweisprachige Ausgabe.<br \/>\nAus dem Niederl\u00e4ndischen von Hedwig von B\u00fclow mit einem Vorwort von Rudolf M\u00fcller.<br \/>\nAutorenlesung und Gespr\u00e4ch in der Reihe: <em>Literatur der Nachbarn<\/em><\/p>\n","protected":false},"author":2,"featured_media":0,"comment_status":"closed","ping_status":"closed","sticky":false,"template":"","format":"standard","meta":[],"categories":[36,31,38,3],"tags":[],"_links":{"self":[{"href":"https:\/\/www.heinehaus.de\/index.php\/wp-json\/wp\/v2\/posts\/7842"}],"collection":[{"href":"https:\/\/www.heinehaus.de\/index.php\/wp-json\/wp\/v2\/posts"}],"about":[{"href":"https:\/\/www.heinehaus.de\/index.php\/wp-json\/wp\/v2\/types\/post"}],"author":[{"embeddable":true,"href":"https:\/\/www.heinehaus.de\/index.php\/wp-json\/wp\/v2\/users\/2"}],"replies":[{"embeddable":true,"href":"https:\/\/www.heinehaus.de\/index.php\/wp-json\/wp\/v2\/comments?post=7842"}],"version-history":[{"count":7,"href":"https:\/\/www.heinehaus.de\/index.php\/wp-json\/wp\/v2\/posts\/7842\/revisions"}],"predecessor-version":[{"id":7862,"href":"https:\/\/www.heinehaus.de\/index.php\/wp-json\/wp\/v2\/posts\/7842\/revisions\/7862"}],"wp:attachment":[{"href":"https:\/\/www.heinehaus.de\/index.php\/wp-json\/wp\/v2\/media?parent=7842"}],"wp:term":[{"taxonomy":"category","embeddable":true,"href":"https:\/\/www.heinehaus.de\/index.php\/wp-json\/wp\/v2\/categories?post=7842"},{"taxonomy":"post_tag","embeddable":true,"href":"https:\/\/www.heinehaus.de\/index.php\/wp-json\/wp\/v2\/tags?post=7842"}],"curies":[{"name":"wp","href":"https:\/\/api.w.org\/{rel}","templated":true}]}}