{"id":805,"date":"2012-03-01T10:30:57","date_gmt":"2012-03-01T10:30:57","guid":{"rendered":"http:\/\/www.heinehaus.de\/?p=805"},"modified":"2012-03-20T23:13:40","modified_gmt":"2012-03-20T23:13:40","slug":"maerzapri2012","status":"publish","type":"post","link":"https:\/\/www.heinehaus.de\/index.php\/2012\/03\/01\/maerzapri2012\/","title":{"rendered":"Unser Programm im M\u00e4rz\/April 2012"},"content":{"rendered":"<p><span style=\"color: #d60000;\"><strong>+++ <\/strong><\/span>Der Schriftsteller <a href=\"https:\/\/www.heinehaus.de\/index.php\/2012\/03\/14\/\" target=\"_self\"><strong>Manfred Fl\u00fcgge<\/strong><\/a> ist seit \u00fcber 30 Jahren einer der besten Kenner<strong> <a href=\"https:\/\/www.heinehaus.de\/index.php\/2012\/03\/14\/\" target=\"_self\">St\u00e9phane Hessels<\/a>.<\/strong> Im Heine Haus treffen sich die beiden zum Gespr\u00e4ch. Am 14. M\u00e4rz <span style=\"color: #d60000;\"><strong>+++<\/strong><\/span><strong><strong> <\/strong><\/strong><strong><a href=\"..\/index.php\/2012\/03\/14\/\" target=\"_self\">mehr<\/a><\/strong><\/p>\n<p><strong><span style=\"color: #d60000;\">+++<\/span> <\/strong>Die in S\u00fcdfrankreich lebende <a href=\"https:\/\/www.heinehaus.de\/index.php\/2012\/02\/07\/vanderbeke\/\" target=\"_self\"><strong>Birgit Vanderbeke<\/strong><\/a> l\u00e4dt im Heine Haus zu Tisch, um uns ein <strong>4-g\u00e4ngiges Men\u00fc <\/strong>zu offerieren: ausgew\u00e4hlte K\u00f6stlichkeiten aus ihrer Wahlheimat. Am 16. M\u00e4rz <span style=\"color: #d60000;\"><strong>+++<a href=\"https:\/\/www.heinehaus.de\/index.php\/2012\/02\/07\/vanderbeke\/\" target=\"_self\"> <\/a><\/strong><\/span> <a href=\"https:\/\/www.heinehaus.de\/index.php\/2012\/02\/07\/vanderbeke\/\" target=\"_self\"><strong><strong> <\/strong><\/strong><strong> mehr<\/strong><\/a><\/p>\n<p><strong><span style=\"color: #d60000;\">+++<\/span> <\/strong>Mit k\u00fchler Ironie und beeindruckender Pr\u00e4gnanz erz\u00e4hlt <strong><a href=\"https:\/\/www.heinehaus.de\/index.php\/2012\/02\/07\/olga-grjasnowa\/\" target=\"_self\">Olga Grjasnowa<\/a> <\/strong>in ihrem Deb\u00fct mit viel Sinn f\u00fcr das Wesentliche die Geschichte einer Generation, die keine Grenzen aber auch keine Heimat hat. Am 21. M\u00e4rz <strong><span style=\"color: #d60000;\">+++<\/span><\/strong><a href=\"https:\/\/www.heinehaus.de\/index.php\/2012\/02\/07\/olga-grjasnowa\/\" target=\"_self\"><strong><strong> <\/strong><\/strong><strong> mehr<\/strong><\/a><\/p>\n<p><strong><span style=\"color: #d60000;\">+++<\/span> <\/strong>Der aktuelle <a href=\"https:\/\/www.heinehaus.de\/index.php\/2012\/03\/27\/\" target=\"_self\"><strong>B\u00fcchner-Preistr\u00e4ger Friedrich Christian Delius<\/strong><\/a> ist der poetische Chronist deutscher Zust\u00e4nde. Er liest aus seinem Erinnerungsband im Heine Haus am 27. M\u00e4rz. <strong><span style=\"color: #d60000;\">+++<\/span><\/strong><a href=\"https:\/\/www.heinehaus.de\/index.php\/2012\/03\/27\/\" target=\"_self\"><strong><strong> <\/strong><\/strong><strong> mehr<\/strong><\/a><\/p>\n<p><strong><span style=\"color: #d60000;\">+++<\/span> <\/strong>Seit 2009 ist <a href=\"https:\/\/www.heinehaus.de\/index.php\/2012\/04\/12\/\" target=\"_self\"><strong>Bernd Desinger<\/strong><\/a> Leiter des D\u00fcsseldorfer Filmmuseums. Mit \u201aArthurs Entf\u00fchrung\u2019 legt der Autor einen fesselnden Roman \u00fcber Freundschaft vor. Er liest daraus am 12. April. <span style=\"color: #d60000;\"><strong>+++ <\/strong><\/span> <strong><strong> <\/strong><\/strong><strong> <a href=\"https:\/\/www.heinehaus.de\/index.php\/2012\/04\/12\/\" target=\"_self\">mehr<\/a><\/strong><\/p>\n<p><strong><span style=\"color: #d60000;\">+++<\/span> <\/strong>\u201aVoltaire bei Friedrich II.\u2019 so der Untertitel der Novelle von <a href=\"https:\/\/www.heinehaus.de\/index.php\/2012\/04\/18\/?ec3_listing=events\" target=\"_self\"><strong>Hans Joachim Sch\u00e4dlich<\/strong><\/a>, p\u00fcnktlich zum Jubil\u00e4umsjahr von Friedrich dem Gro\u00dfen. Hans Joachim Sch\u00e4dlich liest im Heine Haus am 18. April. <strong><span style=\"color: #d60000;\">+++<\/span><a href=\"https:\/\/www.heinehaus.de\/index.php\/2012\/04\/18\/?ec3_listing=events\" target=\"_self\"><strong> <\/strong><\/a><\/strong><a href=\"https:\/\/www.heinehaus.de\/index.php\/2012\/04\/18\/?ec3_listing=events\" target=\"_self\"><strong> mehr<\/strong><\/a><\/p>\n","protected":false},"excerpt":{"rendered":"<p>+++ Der Schriftsteller Manfred Fl\u00fcgge ist seit \u00fcber 30 Jahren einer der besten Kenner St\u00e9phane Hessels. Im Heine Haus treffen sich die beiden zum Gespr\u00e4ch. Am 14. M\u00e4rz +++ mehr +++ Die in S\u00fcdfrankreich lebende Birgit Vanderbeke l\u00e4dt im Heine Haus zu Tisch, um uns ein 4-g\u00e4ngiges Men\u00fc zu offerieren: ausgew\u00e4hlte K\u00f6stlichkeiten aus ihrer Wahlheimat. Am 16. M\u00e4rz +++ mehr +++ Mit k\u00fchler Ironie und beeindruckender Pr\u00e4gnanz erz\u00e4hlt Olga Grjasnowa in ihrem Deb\u00fct mit viel Sinn f\u00fcr das Wesentliche die Geschichte einer Generation, die keine Grenzen aber auch keine Heimat hat. Am 21. M\u00e4rz +++ mehr +++ Der aktuelle B\u00fcchner-Preistr\u00e4ger Friedrich Christian Delius ist der poetische Chronist deutscher Zust\u00e4nde. Er liest aus seinem Erinnerungsband im Heine Haus am 27. M\u00e4rz.&#8230;<\/p>\n","protected":false},"author":1,"featured_media":0,"comment_status":"closed","ping_status":"closed","sticky":false,"template":"","format":"standard","meta":[],"categories":[1],"tags":[],"_links":{"self":[{"href":"https:\/\/www.heinehaus.de\/index.php\/wp-json\/wp\/v2\/posts\/805"}],"collection":[{"href":"https:\/\/www.heinehaus.de\/index.php\/wp-json\/wp\/v2\/posts"}],"about":[{"href":"https:\/\/www.heinehaus.de\/index.php\/wp-json\/wp\/v2\/types\/post"}],"author":[{"embeddable":true,"href":"https:\/\/www.heinehaus.de\/index.php\/wp-json\/wp\/v2\/users\/1"}],"replies":[{"embeddable":true,"href":"https:\/\/www.heinehaus.de\/index.php\/wp-json\/wp\/v2\/comments?post=805"}],"version-history":[{"count":8,"href":"https:\/\/www.heinehaus.de\/index.php\/wp-json\/wp\/v2\/posts\/805\/revisions"}],"predecessor-version":[{"id":811,"href":"https:\/\/www.heinehaus.de\/index.php\/wp-json\/wp\/v2\/posts\/805\/revisions\/811"}],"wp:attachment":[{"href":"https:\/\/www.heinehaus.de\/index.php\/wp-json\/wp\/v2\/media?parent=805"}],"wp:term":[{"taxonomy":"category","embeddable":true,"href":"https:\/\/www.heinehaus.de\/index.php\/wp-json\/wp\/v2\/categories?post=805"},{"taxonomy":"post_tag","embeddable":true,"href":"https:\/\/www.heinehaus.de\/index.php\/wp-json\/wp\/v2\/tags?post=805"}],"curies":[{"name":"wp","href":"https:\/\/api.w.org\/{rel}","templated":true}]}}