{"id":8050,"date":"2025-01-02T14:25:00","date_gmt":"2025-01-02T13:25:00","guid":{"rendered":"https:\/\/www.heinehaus.de\/?p=8050"},"modified":"2025-10-30T16:01:43","modified_gmt":"2025-10-30T15:01:43","slug":"wir-gehen-zusammen-ins-kino-filmpremiere-stiller-max-frisch-im-cinema","status":"publish","type":"post","link":"https:\/\/www.heinehaus.de\/index.php\/2025\/01\/02\/wir-gehen-zusammen-ins-kino-filmpremiere-stiller-max-frisch-im-cinema\/","title":{"rendered":"Wir gehen zusammen ins Kino. Filmpremiere: Stiller (Max Frisch) im Cinema."},"content":{"rendered":"\n<p><strong>Au\u00dfer Haus:<br>29.10.2015, Mi. 19:00 Uhr<br>Wir gehen zusammen ins Kino.<br>Filmpremiere: Stiller (Max Frisch) im Cinema.<br><\/strong>Gespr\u00e4ch mit dem Regisseur Stefan Haupt.<br>Moderation : Claudia H\u00f6tzendorfer (Journalistin und Moderatorin)<br>Begr\u00fc\u00dfung und Einf\u00fchrung: Rudolf M\u00fcller (M\u00fcller &amp; B\u00f6hm Literaturhandlung im Heine Haus)<\/p>\n\n\n\n<p><a href=\"https:\/\/www.heinehaus.de\/index.php\/2025\/07\/25\/wir-gehen-zusammen-ins-kino-filmpremiere-stiller-max-frisch-im-cinema\/\">\u00bb\u00bb<\/a><\/p>\n\n\n\n<!--more-->\n\n\n\n<p>Anmeldung zum gemeinsamen Besuch der Filmpremiere unter <a href=\"mailto:info@heinehaus.de\">info@heinehaus.de<\/a><br>Die ersten 10 Anmelder*innen erhalten eine Freikarte. Wir freuen uns \u00fcber euren Besuch.<\/p>\n\n\n\n<p>Bei einer Zugreise durch die Schweiz wird der US-Amerikaner James Larkin White an der Grenze festgenommen. Der Vorwurf: Er sei der vor sieben Jahren verschwundene Bildhauer Anatol Stiller, der wegen seiner Verwicklung in eine dubiose politische Aff\u00e4re gesucht wird. White bestreitet seine Schuld und beharrt darauf, nicht Stiller zu sein. Um ihn zu \u00fcberf\u00fchren, bittet die Staatsanwaltschaft Stillers Frau Julika um Hilfe. Aber auch sie vermag ihn nicht eindeutig zu identifizieren, in Erinnerungen wird aber mehr und mehr die Beziehung des Ehepaars offengelegt. Auch der Staatsanwalt hat eine \u00fcberraschende Verbindung zu dem Verschwundenen. Was ist damals genau passiert und wer ist Stiller wirklich?<\/p>\n\n\n\n<p>Max Frisch\u2018 Roman <em>Stiller<\/em> erschien 1954 im Suhrkamp-Verlag, er wurde bis heute millionenfach verkauft und in 34 Sprachen \u00fcbersetzt. <em>Stiller<\/em> war f\u00fcr Max Frisch der Durchbruch als Romanschriftsteller und wurde mit renommierten Literaturpreisen wie dem \u201eGro\u00dfen Schillerpreis\u201c der \u201eSchweizerischen Schillerstiftung\u201c oder dem \u201eWilhelm-Raabe-Preis\u201c ausgezeichnet. Ebenso wurde der Roman in die <em>ZEIT-Bibliothek der 100 B\u00fccher<\/em> aufgenommen. Max Frisch (1911-1991) z\u00e4hlt zu den bedeutendsten deutschsprachigen Schriftstellern des 20. Jahrhunderts, neben <em>Stiller<\/em> sind vor allem seine Werke <em>Homo Faber<\/em> und <em>Mein Name sei Gantenbein<\/em> bekannt.<\/p>\n\n\n\n<p>Regisseur&nbsp;<strong>Stefan Haupt<\/strong>&nbsp;(<em>Zwingli<\/em>, <em>Der Kreis<\/em>), der gemeinsam mit&nbsp;<strong>Alex Buresch<\/strong>&nbsp;(<em>Kundschafter des Friedens<\/em>) auch f\u00fcr das Drehbuch verantwortlich zeichnet, versammelt f\u00fcr die Verfilmung von STILLER einen herausragenden Cast vor der Kamera:&nbsp;<strong>Albrecht Schuch<\/strong>&nbsp;(<em>Im Westen nichts Neues<\/em>, <em>Schachnovelle<\/em>),&nbsp;<strong>Paula Beer<\/strong>&nbsp;(<em>Stella. Ein Leben<\/em>, <em>Roter Himmel<\/em>),&nbsp;<strong>Max Simonischek<\/strong>&nbsp;(<em>Die Nachbarn von oben<\/em>),&nbsp;<strong>Marie Leuenberger<\/strong>&nbsp;(<em>Bis wir tot sind oder frei<\/em>),&nbsp;<strong>Stefan Kurt<\/strong>&nbsp;(<em>Sisi &amp; Ich<\/em>) sowie&nbsp;<strong>Sven Schelker<\/strong>&nbsp;(<em>Der vermessene Mensch<\/em>). Die Dreharbeiten fanden in der Schweiz in Davos und Z\u00fcrich sowie in Deutschland in M\u00fcnchen und Umgebung statt.<\/p>\n\n\n\n<p>STILLER ist eine Gemeinschaftsproduktion von Anne Walser von C-FILMS AG sowie Philipp Worm und Tobias Walker von Walker+Worm Film GmbH &amp; Co. KG. Als Koproduzenten fungieren STUDIOCANAL, das Schweizer Fernsehen SRF und der Bayerische Rundfunk in Zusammenarbeit mit arte, sowie mit Cetera C-Films GmbH Berlin, Ascot Elite Entertainment und Bewegte Bilder. Gef\u00f6rdert wird STILLER durch das Bundesamt f\u00fcr Kultur, die Z\u00fcrcher Filmstiftung und Suissimage sowie FilmFernsehFonds Bayern, Filmf\u00f6rderungsanstalt FFA, MFG Filmf\u00f6rderung Baden-W\u00fcrttemberg und Deutscher Filmf\u00f6rderfonds DFFF. STILLER wird in Deutschland von STUDIOCANAL in die Kinos gebracht, den Weltvertrieb \u00fcbernimmt ebenfalls STUDIOCANAL.<\/p>\n\n\n\n<p>VVK: <a href=\"https:\/\/filmkunstkinos.de\/filme\/stiller-2025\/\">Stiller &#8211; 2025 | D\u00fcsseldorfer Filmkunstkinos<\/a><\/p>\n","protected":false},"excerpt":{"rendered":"<p>Au\u00dfer Haus:29.10.2015, Mi. 19:00 UhrWir gehen zusammen ins Kino.Filmpremiere: Stiller (Max Frisch) im Cinema.Gespr\u00e4ch mit dem Regisseur Stefan Haupt.Moderation : Claudia H\u00f6tzendorfer (Journalistin und Moderatorin)Begr\u00fc\u00dfung und Einf\u00fchrung: Rudolf M\u00fcller (M\u00fcller &amp; B\u00f6hm Literaturhandlung im Heine Haus) \u00bb\u00bb<\/p>\n","protected":false},"author":2,"featured_media":0,"comment_status":"closed","ping_status":"closed","sticky":false,"template":"","format":"standard","meta":[],"categories":[1,3],"tags":[],"_links":{"self":[{"href":"https:\/\/www.heinehaus.de\/index.php\/wp-json\/wp\/v2\/posts\/8050"}],"collection":[{"href":"https:\/\/www.heinehaus.de\/index.php\/wp-json\/wp\/v2\/posts"}],"about":[{"href":"https:\/\/www.heinehaus.de\/index.php\/wp-json\/wp\/v2\/types\/post"}],"author":[{"embeddable":true,"href":"https:\/\/www.heinehaus.de\/index.php\/wp-json\/wp\/v2\/users\/2"}],"replies":[{"embeddable":true,"href":"https:\/\/www.heinehaus.de\/index.php\/wp-json\/wp\/v2\/comments?post=8050"}],"version-history":[{"count":5,"href":"https:\/\/www.heinehaus.de\/index.php\/wp-json\/wp\/v2\/posts\/8050\/revisions"}],"predecessor-version":[{"id":8063,"href":"https:\/\/www.heinehaus.de\/index.php\/wp-json\/wp\/v2\/posts\/8050\/revisions\/8063"}],"wp:attachment":[{"href":"https:\/\/www.heinehaus.de\/index.php\/wp-json\/wp\/v2\/media?parent=8050"}],"wp:term":[{"taxonomy":"category","embeddable":true,"href":"https:\/\/www.heinehaus.de\/index.php\/wp-json\/wp\/v2\/categories?post=8050"},{"taxonomy":"post_tag","embeddable":true,"href":"https:\/\/www.heinehaus.de\/index.php\/wp-json\/wp\/v2\/tags?post=8050"}],"curies":[{"name":"wp","href":"https:\/\/api.w.org\/{rel}","templated":true}]}}