{"id":8245,"date":"2026-01-01T16:21:00","date_gmt":"2026-01-01T15:21:00","guid":{"rendered":"https:\/\/www.heinehaus.de\/?p=8245"},"modified":"2026-04-23T10:16:02","modified_gmt":"2026-04-23T08:16:02","slug":"ein-gespraech-ueber-rose-auslaender-und-amanda-gorman-zwei-vertreterinnen-einer-emanzipatorischen-lyrik","status":"publish","type":"post","link":"https:\/\/www.heinehaus.de\/index.php\/2026\/01\/01\/ein-gespraech-ueber-rose-auslaender-und-amanda-gorman-zwei-vertreterinnen-einer-emanzipatorischen-lyrik\/","title":{"rendered":"Ein Gespr\u00e4ch \u00fcber Rose Ausl\u00e4nder und Amanda Gorman. Zwei Vertreterinnen einer emanzipatorischen Lyrik?"},"content":{"rendered":"\n<p>zu Gast im Heine Haus:<br><strong>22.04.2026, Mi., 19:00 Uhr<br>Ein Gespr\u00e4ch \u00fcber Rose Ausl\u00e4nder und Amanda Gorman.<br>Zwei Vertreterinnen einer emanzipatorischen Lyrik?<br>Helmut Braun <\/strong>im Gespr\u00e4ch mit<strong> Daniela Seel<br><\/strong>Moderation: <strong>Dr. Gregor Kuntze-Kaufhold<\/strong><\/p>\n\n\n\n<p><strong>Der Termin ist vom Veranstalter <em>Rose Ausl\u00e4nder-Gesellschaft e.V.<\/em> krankheitsbedingt leider abgesagt.<\/strong><\/p>\n\n\n\n<p><a href=\"https:\/\/www.heinehaus.de\/index.php\/2026\/02\/03\/ein-gespraech-ueber-rose-auslaender-und-amanda-gorman-zwei-vertreterinnen-einer-emanzipatorischen-lyrik\/\">\u00bb\u00bb<\/a><\/p>\n\n\n\n<!--more-->\n\n\n\n<p>In diesem Jahr wird des 125. Geburtstags der 1901 in Czernowitz geborenen Dichterin Rose Ausl\u00e4nder gedacht. Zehn Jahre nach ihrem Tod, 1998, wurde Amanda Gorman in Los Angeles geboren. Mehr als drei Generationen, ein geographischer Ozean und ein sozio-biographischer Kosmos trennen beide voneinander. Umso erkl\u00e4rungsbed\u00fcrftiger erscheint es, dass manche ihrer Gedichte verbl\u00fcffende \u00c4hnlichkeiten aufweisen. Wer Texte wie <em>Gemeinsam<\/em> oder <em>The Hill We Climb<\/em> auf sich wirken l\u00e4sst, k\u00f6nnte an die Kontinuit\u00e4t einer emanzipatorischen Lyrik glauben, jenseits vom Zufall bestimmter Verschiedenheiten im biologischen und sozialen Dasein. Angenommen, diese These tr\u00e4fe zu, spr\u00e4che eine solche Kontinuit\u00e4t nicht f\u00fcr die andauernde Notwendigkeit einer emanzipatorischen Lyrik, auch oder gerade in heutiger Zeit?<br><strong>Diesen Fragen soll im Gespr\u00e4ch zwischen dem Autor Helmut Braun und der Verlegerin und Lyrikerin Daniela Seel nachgegangen werden. &nbsp;<\/strong><\/p>\n\n\n\n<p><strong>Helmut Braun<\/strong>, der als Verleger mit Rose Ausl\u00e4nder in engem pers\u00f6nlichem Kontakt stand, ist ein Kenner ihrer Lyrik wie auch des Umfeldes, in dem die Dichterin aufwuchs \u2013 am \u00f6stlichsten Rand der damaligen k.u.k.-Monarchie, in einer Zeit, als Czernowitz, heute ukrainische Partnerstadt D\u00fcsseldorfs, wegen seiner kulturellen Vielfalt als &#8222;Klein-Wien\u201c ger\u00fchmt wurde.&nbsp; &nbsp;<\/p>\n\n\n\n<p><strong>Daniela Seel<\/strong> war an der \u00dcbersetzung mehrerer Gedichte Amanda Gormans beteiligt, darunter <em>The Hill We Climb<\/em>, das Gorman bei der&nbsp;Amtseinf\u00fchrung von Joe Biden am 20.&nbsp;Januar 2021 vortrug und f\u00fcr das sie Reden US-amerikanischer Staatsgr\u00fcnder sowie Ereignisse wie den Sturm auf das Kapitol verarbeitete. &nbsp;<\/p>\n\n\n\n<p><strong>Moderation: Dr. Gregor Kuntze-Kaufhold <\/strong>(Vorstandsmitglied der Rose Ausl\u00e4nder-Gesellschaft e.V.)<\/p>\n\n\n\n<p><em>Veranstalter: Rose Ausl\u00e4nder-Gesellschaft e.V. in Kooperation mit dem Heine Haus Literaturhaus D\u00fcsseldorf<\/em> <\/p>\n\n\n\n<p>Eintritt: 12,-\/6,- (Erm.).<\/p>\n\n\n\n<p>Anmeldung erw\u00fcnscht unter: <a href=\"mailto:info@roseauslaender-gesellschaft.de\">info@roseauslaender-gesellschaft.de<\/a><\/p>\n","protected":false},"excerpt":{"rendered":"<p>zu Gast im Heine Haus:22.04.2026, Mi., 19:00 UhrEin Gespr\u00e4ch \u00fcber Rose Ausl\u00e4nder und Amanda Gorman.Zwei Vertreterinnen einer emanzipatorischen Lyrik?Helmut Braun im Gespr\u00e4ch mit Daniela SeelModeration: Dr. Gregor Kuntze-Kaufhold Der Termin ist vom Veranstalter Rose Ausl\u00e4nder-Gesellschaft e.V. krankheitsbedingt leider abgesagt. \u00bb\u00bb<\/p>\n","protected":false},"author":2,"featured_media":0,"comment_status":"closed","ping_status":"closed","sticky":false,"template":"","format":"standard","meta":[],"categories":[1,36,38,3],"tags":[],"_links":{"self":[{"href":"https:\/\/www.heinehaus.de\/index.php\/wp-json\/wp\/v2\/posts\/8245"}],"collection":[{"href":"https:\/\/www.heinehaus.de\/index.php\/wp-json\/wp\/v2\/posts"}],"about":[{"href":"https:\/\/www.heinehaus.de\/index.php\/wp-json\/wp\/v2\/types\/post"}],"author":[{"embeddable":true,"href":"https:\/\/www.heinehaus.de\/index.php\/wp-json\/wp\/v2\/users\/2"}],"replies":[{"embeddable":true,"href":"https:\/\/www.heinehaus.de\/index.php\/wp-json\/wp\/v2\/comments?post=8245"}],"version-history":[{"count":4,"href":"https:\/\/www.heinehaus.de\/index.php\/wp-json\/wp\/v2\/posts\/8245\/revisions"}],"predecessor-version":[{"id":8281,"href":"https:\/\/www.heinehaus.de\/index.php\/wp-json\/wp\/v2\/posts\/8245\/revisions\/8281"}],"wp:attachment":[{"href":"https:\/\/www.heinehaus.de\/index.php\/wp-json\/wp\/v2\/media?parent=8245"}],"wp:term":[{"taxonomy":"category","embeddable":true,"href":"https:\/\/www.heinehaus.de\/index.php\/wp-json\/wp\/v2\/categories?post=8245"},{"taxonomy":"post_tag","embeddable":true,"href":"https:\/\/www.heinehaus.de\/index.php\/wp-json\/wp\/v2\/tags?post=8245"}],"curies":[{"name":"wp","href":"https:\/\/api.w.org\/{rel}","templated":true}]}}