{"id":846,"date":"2012-04-11T14:47:17","date_gmt":"2012-04-11T14:47:17","guid":{"rendered":"http:\/\/www.heinehaus.de\/?p=846"},"modified":"2012-04-11T14:47:17","modified_gmt":"2012-04-11T14:47:17","slug":"anna-katharina-hahn","status":"publish","type":"post","link":"https:\/\/www.heinehaus.de\/index.php\/2012\/04\/11\/anna-katharina-hahn\/","title":{"rendered":"Anna Katharina Hahn."},"content":{"rendered":"<p><strong>12.06.2012, Di. 19:30 Uhr<br \/>\nAnna Katharina Hahn.<br \/>\nAm Schwarzen Berg. (Verlag Suhrkamp)<\/strong><br \/>\nAutorenlesung in der Reihe Neue Deutsche Literatur<\/p>\n<p>Nach \u201eK\u00fcrzere Tage\u201c ver\u00f6ffentlicht Anna Katharina Hahn ihren zweiten Roman und positioniert sich damit auf der Shortlist f\u00fcr den Preis der Leipziger Buchmesse 2012. Sie erz\u00e4hlt die Geschichte des Stuttgarter Wutb\u00fcrgers Peter, der, nachdem ihn seine Freundin Mia mit den Kindern verlassen hat, in die Wohnung der Eltern zur\u00fcckkehrt. Im Nachbarhaus beobachten die Ersatzeltern Emil und Veronika die Heimkehr des \u201everlorenen Sohnes\u201c. In pr\u00e4ziser Analyse nimmt Anna Katharina Hahn verschiedene soziale Schichten unter die Lupe und schafft ein eindrucksvolles Portr\u00e4t des b\u00fcrgerlichen Lebens.<\/p>\n<p><em>Moderation: Verena Auffermann (Literaturkritikerin, Herausgeberin von Publikationen zu Literatur und Kunst, Jury-Vorsitzende f\u00fcr den Preis der Leipziger Buchmesse)<\/em><\/p>\n<p>Veranstalter: Verein zur F\u00f6rderung des Heinrich-Heine-Geburtshauses e.V., M\u00fcller &amp; B\u00f6hm Literaturhandlung<\/p>\n<p><em><strong>Ort: Heine Haus, Bolkerstr. 53, 40213 D\u00fcsseldorf.<\/strong><\/em><em><br \/>\n<\/em>Eintritt:  EUR 8,\u2013\/6,\u2013 (erm.)<\/p>\n","protected":false},"excerpt":{"rendered":"<p>12.06.2012, Di. 19:30 Uhr Anna Katharina Hahn. Am Schwarzen Berg. (Verlag Suhrkamp) Autorenlesung in der Reihe Neue Deutsche Literatur Nach \u201eK\u00fcrzere Tage\u201c ver\u00f6ffentlicht Anna Katharina Hahn ihren zweiten Roman und positioniert sich damit auf der Shortlist f\u00fcr den Preis der Leipziger Buchmesse 2012. Sie erz\u00e4hlt die Geschichte des Stuttgarter Wutb\u00fcrgers Peter, der, nachdem ihn seine Freundin Mia mit den Kindern verlassen hat, in die Wohnung der Eltern zur\u00fcckkehrt. Im Nachbarhaus beobachten die Ersatzeltern Emil und Veronika die Heimkehr des \u201everlorenen Sohnes\u201c. In pr\u00e4ziser Analyse nimmt Anna Katharina Hahn verschiedene soziale Schichten unter die Lupe und schafft ein eindrucksvolles Portr\u00e4t des b\u00fcrgerlichen Lebens. Moderation: Verena Auffermann (Literaturkritikerin, Herausgeberin von Publikationen zu Literatur und Kunst, Jury-Vorsitzende f\u00fcr den Preis der Leipziger Buchmesse)&#8230;<\/p>\n","protected":false},"author":1,"featured_media":0,"comment_status":"open","ping_status":"open","sticky":false,"template":"","format":"standard","meta":[],"categories":[3],"tags":[],"_links":{"self":[{"href":"https:\/\/www.heinehaus.de\/index.php\/wp-json\/wp\/v2\/posts\/846"}],"collection":[{"href":"https:\/\/www.heinehaus.de\/index.php\/wp-json\/wp\/v2\/posts"}],"about":[{"href":"https:\/\/www.heinehaus.de\/index.php\/wp-json\/wp\/v2\/types\/post"}],"author":[{"embeddable":true,"href":"https:\/\/www.heinehaus.de\/index.php\/wp-json\/wp\/v2\/users\/1"}],"replies":[{"embeddable":true,"href":"https:\/\/www.heinehaus.de\/index.php\/wp-json\/wp\/v2\/comments?post=846"}],"version-history":[{"count":2,"href":"https:\/\/www.heinehaus.de\/index.php\/wp-json\/wp\/v2\/posts\/846\/revisions"}],"predecessor-version":[{"id":865,"href":"https:\/\/www.heinehaus.de\/index.php\/wp-json\/wp\/v2\/posts\/846\/revisions\/865"}],"wp:attachment":[{"href":"https:\/\/www.heinehaus.de\/index.php\/wp-json\/wp\/v2\/media?parent=846"}],"wp:term":[{"taxonomy":"category","embeddable":true,"href":"https:\/\/www.heinehaus.de\/index.php\/wp-json\/wp\/v2\/categories?post=846"},{"taxonomy":"post_tag","embeddable":true,"href":"https:\/\/www.heinehaus.de\/index.php\/wp-json\/wp\/v2\/tags?post=846"}],"curies":[{"name":"wp","href":"https:\/\/api.w.org\/{rel}","templated":true}]}}